{"id":13762,"date":"2026-04-21T12:36:21","date_gmt":"2026-04-21T09:36:21","guid":{"rendered":"https:\/\/www.a-laiturit.fi\/?p=13762"},"modified":"2026-04-21T12:37:23","modified_gmt":"2026-04-21T09:37:23","slug":"13762-2","status":"publish","type":"post","link":"https:\/\/www.a-laiturit.fi\/en\/13762-2\/","title":{"rendered":"A-Laiturit mukana Veneentekij\u00e4ntien avajaisissa Lauttasaaressa 7.-9.5.2026"},"content":{"rendered":"<h2><strong>Veneentekij\u00e4ntien avajaiset \u2013 veneilyn ja varusteiden suurtapahtuma <\/strong><\/h2>\n<p>Veneentekij\u00e4ntielle avautuu kev\u00e4\u00e4n odotetuin veneilytapahtuma, kun alueen yritykset j\u00e4rjest\u00e4v\u00e4t yhteisen avajaistapahtuman. Luvassa on koeajoja, veneuutuuksia, huikeita kampanjaetuja sek\u00e4 asiantuntevaa palvelua kaikille vesill\u00e4 liikkujille \u2013 niin uusille harrastajille kuin kokeneille veneilij\u00f6ille.<\/p>\n<p>Tapahtuma-alue ulottuu Maritimin portilta Marinepalvelun laiturille saakka, ja k\u00e4vij\u00e4t p\u00e4\u00e4sev\u00e4t kiert\u00e4m\u00e4\u00e4n alueen yrityksi\u00e4 helposti yhten\u00e4isen\u00e4 kokonaisuutena. P\u00e4iv\u00e4n aikana Veneentekij\u00e4ntie her\u00e4\u00e4 eloon, kun veneet, varusteet ja veneilyyn liittyv\u00e4 osaaminen tuodaan konkreettisesti n\u00e4ht\u00e4v\u00e4ksi ja koettavaksi.<\/p>\n<h3><strong>Koeajot ja veneuutuudet<\/strong><\/h3>\n<p>Tapahtumassa p\u00e4\u00e4set tutustumaan laajasti eri venemerkkeihin sek\u00e4 kokemaan veneily\u00e4 my\u00f6s vesill\u00e4. Koeajettavana on valikoitu kattavasti suosittuja ja ajankohtaisia veneit\u00e4.<\/p>\n<p><strong>Koeajettavissa mm.:<\/strong><\/p>\n<ul>\n<li>Silver Condor CCX<\/li>\n<li>Silver Condor Cabin<\/li>\n<li>Silver SeaHawk Cabin<\/li>\n<li>Silver Puma BR<\/li>\n<li>Silver Hawk SCX<\/li>\n<li>Silver Fox BR<\/li>\n<li>Faster 545 CC<\/li>\n<li>Faster 465<\/li>\n<li>Terhi 450TC<\/li>\n<li>Highfield Sport 420<\/li>\n<li>Highfield Patrol 600<\/li>\n<\/ul>\n<p>Lis\u00e4ksi tapahtuma-alueella on laajasti esill\u00e4 uusia venemalleja sek\u00e4 runsaasti n\u00e4ht\u00e4v\u00e4\u00e4 erilaisista venevaihtoehdoista.<\/p>\n<h3><strong>Vaihtoveneit\u00e4 useilta toimijoilta<\/strong><\/h3>\n<p>Tapahtumassa on esill\u00e4 <strong>laaja valikoima vaihtoveneit\u00e4<\/strong>, joita tuovat paikalle useat tapahtumaan osallistuvat yritykset. Maritimin laituri toimii vaihtovenelaiturina, jossa k\u00e4vij\u00e4t p\u00e4\u00e4sev\u00e4t tutustumaan erilaisiin vaihtoehtoihin, vertailemaan ja keskustelemaan asiantuntijoiden kanssa.<\/p>\n<p>Vaihtoveneiden osalta tarjonta on monipuolinen sek\u00e4 kokoluokan ett\u00e4 k\u00e4ytt\u00f6tarkoitusten suhteen, ja paikalla on osaamista auttamaan oikean ratkaisun l\u00f6yt\u00e4misess\u00e4.<\/p>\n<h3><strong>Uutuuksia, varusteita ja kampanjaetuja<\/strong><\/h3>\n<p>Tapahtuma ei ole pelkk\u00e4\u00e4 venekatselua \u2013 mukana on runsaasti veneilyyn liittyvi\u00e4 uutuuksia, tarvikkeita ja varusteita. P\u00e4iv\u00e4n aikana on mahdollisuus hy\u00f6dynt\u00e4\u00e4 <strong>vain tapahtuman ajan voimassa olevia kampanjaetuja<\/strong>.<\/p>\n<ul>\n<li>Kampanja-alennuksia veneist\u00e4 ja tarvikkeista<\/li>\n<li>Erityisen hyvi\u00e4 tapahtumahintoja veneily- ja ulkoiluvaatteista<\/li>\n<li>Paljon kauden uutuuksia n\u00e4ht\u00e4vill\u00e4 ja ostettavissa<\/li>\n<li>Asiantunteva henkil\u00f6kunta auttaa kaikissa veneilyyn liittyviss\u00e4 kysymyksiss\u00e4<\/li>\n<\/ul>\n<p>Tapahtumaan on my\u00f6s sovittu erikoisetuja:<\/p>\n<ul>\n<li><strong>Honda-huollot -10 %<\/strong>, kun huolto sovitaan tapahtuman aikana<\/li>\n<li><strong>-500 \u20ac lis\u00e4alennus<\/strong> tapahtumassa tehdyist\u00e4 venekaupoista<\/li>\n<li><strong>Terhi Saiman<\/strong> (<strong>kaupan p\u00e4\u00e4lle<\/strong> Epropulsion eLite s\u00e4hk\u00f6per\u00e4moottori)<\/li>\n<\/ul>\n<p><strong>Aukiolo:<\/strong><\/p>\n<p><strong>7.\u20139.5.2026<\/strong><\/p>\n<p><strong>To\u2013pe 7.\u20138.5. klo 10\u201319<\/strong><\/p>\n<p><strong>La 9.5. klo 10\u201317<\/strong><\/p>\n<h3><strong>Mukana Veneentekij\u00e4ntien veneilyn vahvimmat toimijat<\/strong><\/h3>\n<p>Tapahtuman j\u00e4rjest\u00e4v\u00e4t yhdess\u00e4 Veneentekij\u00e4ntien keskeiset veneily- ja varustetoimijat, mik\u00e4 tekee kokonaisuudesta poikkeuksellisen monipuolisen. Mukana ovat:<\/p>\n<p><a href=\"https:\/\/www.bikeworld.fi\/\">Boat World<\/a><br \/>\n<a href=\"https:\/\/marinekauppa.com\/fi?srsltid=AfmBOortVv2XPGBKvwMBTSnfcdzbmPInOISDfdyGfPjmqBWa2Y9D_N4U\">Marinekauppa<\/a><br \/>\n<a href=\"https:\/\/yachtsagent.com\/en\/\">Yachts Agent<\/a><br \/>\n<a href=\"https:\/\/www.brandt.fi\/\">Brandt<\/a><br \/>\n<a href=\"https:\/\/www.targa.fi\/\">Targa<\/a><br \/>\n<a href=\"https:\/\/www.marinepalvelu.fi\/\">Marinepalvelu<\/a><br \/>\n<a href=\"https:\/\/www.halti.fi\/\">Halti<\/a><br \/>\n<a href=\"https:\/\/www.veneilijanverkkokauppa.fi\/fi\">Veneilij\u00e4n verkkokauppa<\/a><br \/>\n<a href=\"https:\/\/captainsshop.fi\/?srsltid=AfmBOorO1n9pvHGFDMPU4ce6Zevt1kwKSCbCBUqeY1zaKPrjGp6A4Yy9\">Captain\u2019s Shop<\/a><br \/>\n<a href=\"https:\/\/cafetarina.fi\/\">Cafe Tarina<\/a><br \/>\n<a href=\"https:\/\/sailtech.fi\/\">Sailtech<\/a><br \/>\n<a href=\"https:\/\/suv.fi\/\">SUV &#8211; Suomen venehuolto<\/a><br \/>\n<a href=\"https:\/\/www.navyblue.fi\/\">Navy Blue<\/a><\/p>\n<p><a href=\"https:\/\/www.a-laiturit.fi\/\">A-Laiturit<\/a><\/p>\n<p>Yhdell\u00e4 k\u00e4ynnill\u00e4 voit tutustua useisiin yrityksiin, vertailla vaihtoehtoja ja saada asiantuntevaa neuvoa veneilyyn ja varustautumiseen liittyviss\u00e4 asioissa.<\/p>\n<p>Tervetuloa avaamaan veneilykausi!<\/p>\n<p>A-Laiturit Helsinki, Veneentekij\u00e4ntie 7, Lauttasaari<\/p>\n","protected":false},"excerpt":{"rendered":"<p>Veneentekij\u00e4ntien avajaiset \u2013 veneilyn ja varusteiden suurtapahtuma Veneentekij\u00e4ntielle avautuu kev\u00e4\u00e4n odotetuin veneilytapahtuma, kun alueen yritykset j\u00e4rjest\u00e4v\u00e4t yhteisen avajaistapahtuman. Luvassa on koeajoja, veneuutuuksia, huikeita kampanjaetuja sek\u00e4 asiantuntevaa palvelua kaikille vesill\u00e4 liikkujille \u2013 niin uusille harrastajille kuin kokeneille veneilij\u00f6ille. Tapahtuma-alue ulottuu Maritimin portilta Marinepalvelun laiturille saakka, ja k\u00e4vij\u00e4t p\u00e4\u00e4sev\u00e4t kiert\u00e4m\u00e4\u00e4n alueen yrityksi\u00e4 helposti yhten\u00e4isen\u00e4 kokonaisuutena. P\u00e4iv\u00e4n aikana [&hellip;]<\/p>\n","protected":false},"author":4,"featured_media":13759,"comment_status":"closed","ping_status":"closed","sticky":false,"template":"","format":"standard","meta":{"_acf_changed":false,"footnotes":""},"class_list":["post-13762","post","type-post","status-publish","format-standard","has-post-thumbnail","hentry"],"acf":[],"yoast_head":"<title>A-Laiturit mukana Veneentekij\u00e4ntien avajaisissa Lauttasaaressa 7.-9.5.2026 - A-Laiturit<\/title>\n<meta name=\"robots\" content=\"index, follow, max-snippet:-1, max-image-preview:large, max-video-preview:-1\" \/>\n<link rel=\"canonical\" href=\"https:\/\/www.a-laiturit.fi\/en\/13762-2\/\" \/>\n<meta property=\"og:locale\" content=\"en_US\" \/>\n<meta property=\"og:type\" content=\"article\" \/>\n<meta property=\"og:title\" content=\"A-Laiturit mukana Veneentekij\u00e4ntien avajaisissa Lauttasaaressa 7.-9.5.2026 - A-Laiturit\" \/>\n<meta property=\"og:description\" content=\"Veneentekij\u00e4ntien avajaiset \u2013 veneilyn ja varusteiden suurtapahtuma Veneentekij\u00e4ntielle avautuu kev\u00e4\u00e4n odotetuin veneilytapahtuma, kun alueen yritykset j\u00e4rjest\u00e4v\u00e4t yhteisen avajaistapahtuman. Luvassa on koeajoja, veneuutuuksia, huikeita kampanjaetuja sek\u00e4 asiantuntevaa palvelua kaikille vesill\u00e4 liikkujille \u2013 niin uusille harrastajille kuin kokeneille veneilij\u00f6ille. Tapahtuma-alue ulottuu Maritimin portilta Marinepalvelun laiturille saakka, ja k\u00e4vij\u00e4t p\u00e4\u00e4sev\u00e4t kiert\u00e4m\u00e4\u00e4n alueen yrityksi\u00e4 helposti yhten\u00e4isen\u00e4 kokonaisuutena. P\u00e4iv\u00e4n aikana [&hellip;]\" \/>\n<meta property=\"og:url\" content=\"https:\/\/www.a-laiturit.fi\/en\/13762-2\/\" \/>\n<meta property=\"og:site_name\" content=\"A-Laiturit\" \/>\n<meta property=\"article:publisher\" content=\"https:\/\/www.facebook.com\/alaiturit\/\" \/>\n<meta property=\"article:published_time\" content=\"2026-04-21T09:36:21+00:00\" \/>\n<meta property=\"article:modified_time\" content=\"2026-04-21T09:37:23+00:00\" \/>\n<meta property=\"og:image\" content=\"https:\/\/www.a-laiturit.fi\/wp-content\/uploads\/2026\/04\/kuva-landing-page-custom.jpg\" \/>\n\t<meta property=\"og:image:width\" content=\"768\" \/>\n\t<meta property=\"og:image:height\" content=\"640\" \/>\n\t<meta property=\"og:image:type\" content=\"image\/jpeg\" \/>\n<meta name=\"author\" content=\"alaiturit\" \/>\n<meta name=\"twitter:label1\" content=\"Written by\" \/>\n\t<meta name=\"twitter:data1\" content=\"alaiturit\" \/>\n\t<meta name=\"twitter:label2\" content=\"Est. reading time\" \/>\n\t<meta name=\"twitter:data2\" content=\"3 minutes\" \/>\n<script type=\"application\/ld+json\" class=\"yoast-schema-graph\">{\"@context\":\"https:\\\/\\\/schema.org\",\"@graph\":[{\"@type\":\"Article\",\"@id\":\"https:\\\/\\\/www.a-laiturit.fi\\\/en\\\/13762-2\\\/#article\",\"isPartOf\":{\"@id\":\"https:\\\/\\\/www.a-laiturit.fi\\\/en\\\/13762-2\\\/\"},\"author\":{\"name\":\"alaiturit\",\"@id\":\"https:\\\/\\\/www.a-laiturit.fi\\\/en\\\/#\\\/schema\\\/person\\\/ce67f3b2fdc5acef4759eaa02287afd5\"},\"headline\":\"A-Laiturit mukana Veneentekij\u00e4ntien avajaisissa Lauttasaaressa 7.-9.5.2026\",\"datePublished\":\"2026-04-21T09:36:21+00:00\",\"dateModified\":\"2026-04-21T09:37:23+00:00\",\"mainEntityOfPage\":{\"@id\":\"https:\\\/\\\/www.a-laiturit.fi\\\/en\\\/13762-2\\\/\"},\"wordCount\":390,\"publisher\":{\"@id\":\"https:\\\/\\\/www.a-laiturit.fi\\\/en\\\/#organization\"},\"image\":{\"@id\":\"https:\\\/\\\/www.a-laiturit.fi\\\/en\\\/13762-2\\\/#primaryimage\"},\"thumbnailUrl\":\"https:\\\/\\\/www.a-laiturit.fi\\\/wp-content\\\/uploads\\\/2026\\\/04\\\/kuva-landing-page-custom.jpg\",\"inLanguage\":\"en-US\"},{\"@type\":\"WebPage\",\"@id\":\"https:\\\/\\\/www.a-laiturit.fi\\\/en\\\/13762-2\\\/\",\"url\":\"https:\\\/\\\/www.a-laiturit.fi\\\/en\\\/13762-2\\\/\",\"name\":\"A-Laiturit mukana Veneentekij\u00e4ntien avajaisissa Lauttasaaressa 7.-9.5.2026 - A-Laiturit\",\"isPartOf\":{\"@id\":\"https:\\\/\\\/www.a-laiturit.fi\\\/en\\\/#website\"},\"primaryImageOfPage\":{\"@id\":\"https:\\\/\\\/www.a-laiturit.fi\\\/en\\\/13762-2\\\/#primaryimage\"},\"image\":{\"@id\":\"https:\\\/\\\/www.a-laiturit.fi\\\/en\\\/13762-2\\\/#primaryimage\"},\"thumbnailUrl\":\"https:\\\/\\\/www.a-laiturit.fi\\\/wp-content\\\/uploads\\\/2026\\\/04\\\/kuva-landing-page-custom.jpg\",\"datePublished\":\"2026-04-21T09:36:21+00:00\",\"dateModified\":\"2026-04-21T09:37:23+00:00\",\"breadcrumb\":{\"@id\":\"https:\\\/\\\/www.a-laiturit.fi\\\/en\\\/13762-2\\\/#breadcrumb\"},\"inLanguage\":\"en-US\",\"potentialAction\":[{\"@type\":\"ReadAction\",\"target\":[\"https:\\\/\\\/www.a-laiturit.fi\\\/en\\\/13762-2\\\/\"]}]},{\"@type\":\"ImageObject\",\"inLanguage\":\"en-US\",\"@id\":\"https:\\\/\\\/www.a-laiturit.fi\\\/en\\\/13762-2\\\/#primaryimage\",\"url\":\"https:\\\/\\\/www.a-laiturit.fi\\\/wp-content\\\/uploads\\\/2026\\\/04\\\/kuva-landing-page-custom.jpg\",\"contentUrl\":\"https:\\\/\\\/www.a-laiturit.fi\\\/wp-content\\\/uploads\\\/2026\\\/04\\\/kuva-landing-page-custom.jpg\",\"width\":768,\"height\":640},{\"@type\":\"BreadcrumbList\",\"@id\":\"https:\\\/\\\/www.a-laiturit.fi\\\/en\\\/13762-2\\\/#breadcrumb\",\"itemListElement\":[{\"@type\":\"ListItem\",\"position\":1,\"name\":\"Home\",\"item\":\"https:\\\/\\\/www.a-laiturit.fi\\\/en\\\/\"},{\"@type\":\"ListItem\",\"position\":2,\"name\":\"A-Laiturit mukana Veneentekij\u00e4ntien avajaisissa Lauttasaaressa 7.-9.5.2026\"}]},{\"@type\":\"WebSite\",\"@id\":\"https:\\\/\\\/www.a-laiturit.fi\\\/en\\\/#website\",\"url\":\"https:\\\/\\\/www.a-laiturit.fi\\\/en\\\/\",\"name\":\"A-Laiturit\",\"description\":\"Me A-Laitureissa suunnittelemme ja toteutamme juuri Sinun tarpeisiisi ja rantaasi sopivan laiturin, joka kest\u00e4\u00e4. Vuosikymmenten kokemuksella voimme sanoa: &quot;Me osaamme laiturit!&quot;\",\"publisher\":{\"@id\":\"https:\\\/\\\/www.a-laiturit.fi\\\/en\\\/#organization\"},\"potentialAction\":[{\"@type\":\"SearchAction\",\"target\":{\"@type\":\"EntryPoint\",\"urlTemplate\":\"https:\\\/\\\/www.a-laiturit.fi\\\/en\\\/?s={search_term_string}\"},\"query-input\":{\"@type\":\"PropertyValueSpecification\",\"valueRequired\":true,\"valueName\":\"search_term_string\"}}],\"inLanguage\":\"en-US\"},{\"@type\":\"Organization\",\"@id\":\"https:\\\/\\\/www.a-laiturit.fi\\\/en\\\/#organization\",\"name\":\"A-laiturit Oy\",\"url\":\"https:\\\/\\\/www.a-laiturit.fi\\\/en\\\/\",\"logo\":{\"@type\":\"ImageObject\",\"inLanguage\":\"en-US\",\"@id\":\"https:\\\/\\\/www.a-laiturit.fi\\\/en\\\/#\\\/schema\\\/logo\\\/image\\\/\",\"url\":\"https:\\\/\\\/www.a-laiturit.fi\\\/wp-content\\\/uploads\\\/2018\\\/10\\\/alaiturit_vari_favicon.png\",\"contentUrl\":\"https:\\\/\\\/www.a-laiturit.fi\\\/wp-content\\\/uploads\\\/2018\\\/10\\\/alaiturit_vari_favicon.png\",\"width\":512,\"height\":512,\"caption\":\"A-laiturit Oy\"},\"image\":{\"@id\":\"https:\\\/\\\/www.a-laiturit.fi\\\/en\\\/#\\\/schema\\\/logo\\\/image\\\/\"},\"sameAs\":[\"https:\\\/\\\/www.facebook.com\\\/alaiturit\\\/\",\"https:\\\/\\\/www.youtube.com\\\/channel\\\/UCPCnVbx3R7RICl-bGS91dEA\"]},{\"@type\":\"Person\",\"@id\":\"https:\\\/\\\/www.a-laiturit.fi\\\/en\\\/#\\\/schema\\\/person\\\/ce67f3b2fdc5acef4759eaa02287afd5\",\"name\":\"alaiturit\"}]}<\/script>","yoast_head_json":{"title":"A-Laiturit mukana Veneentekij\u00e4ntien avajaisissa Lauttasaaressa 7.-9.5.2026 - A-Laiturit","robots":{"index":"index","follow":"follow","max-snippet":"max-snippet:-1","max-image-preview":"max-image-preview:large","max-video-preview":"max-video-preview:-1"},"canonical":"https:\/\/www.a-laiturit.fi\/en\/13762-2\/","og_locale":"en_US","og_type":"article","og_title":"A-Laiturit mukana Veneentekij\u00e4ntien avajaisissa Lauttasaaressa 7.-9.5.2026 - A-Laiturit","og_description":"Veneentekij\u00e4ntien avajaiset \u2013 veneilyn ja varusteiden suurtapahtuma Veneentekij\u00e4ntielle avautuu kev\u00e4\u00e4n odotetuin veneilytapahtuma, kun alueen yritykset j\u00e4rjest\u00e4v\u00e4t yhteisen avajaistapahtuman. Luvassa on koeajoja, veneuutuuksia, huikeita kampanjaetuja sek\u00e4 asiantuntevaa palvelua kaikille vesill\u00e4 liikkujille \u2013 niin uusille harrastajille kuin kokeneille veneilij\u00f6ille. Tapahtuma-alue ulottuu Maritimin portilta Marinepalvelun laiturille saakka, ja k\u00e4vij\u00e4t p\u00e4\u00e4sev\u00e4t kiert\u00e4m\u00e4\u00e4n alueen yrityksi\u00e4 helposti yhten\u00e4isen\u00e4 kokonaisuutena. P\u00e4iv\u00e4n aikana [&hellip;]","og_url":"https:\/\/www.a-laiturit.fi\/en\/13762-2\/","og_site_name":"A-Laiturit","article_publisher":"https:\/\/www.facebook.com\/alaiturit\/","article_published_time":"2026-04-21T09:36:21+00:00","article_modified_time":"2026-04-21T09:37:23+00:00","og_image":[{"width":768,"height":640,"url":"https:\/\/www.a-laiturit.fi\/wp-content\/uploads\/2026\/04\/kuva-landing-page-custom.jpg","type":"image\/jpeg"}],"author":"alaiturit","twitter_misc":{"Written by":"alaiturit","Est. reading time":"3 minutes"},"schema":{"@context":"https:\/\/schema.org","@graph":[{"@type":"Article","@id":"https:\/\/www.a-laiturit.fi\/en\/13762-2\/#article","isPartOf":{"@id":"https:\/\/www.a-laiturit.fi\/en\/13762-2\/"},"author":{"name":"alaiturit","@id":"https:\/\/www.a-laiturit.fi\/en\/#\/schema\/person\/ce67f3b2fdc5acef4759eaa02287afd5"},"headline":"A-Laiturit mukana Veneentekij\u00e4ntien avajaisissa Lauttasaaressa 7.-9.5.2026","datePublished":"2026-04-21T09:36:21+00:00","dateModified":"2026-04-21T09:37:23+00:00","mainEntityOfPage":{"@id":"https:\/\/www.a-laiturit.fi\/en\/13762-2\/"},"wordCount":390,"publisher":{"@id":"https:\/\/www.a-laiturit.fi\/en\/#organization"},"image":{"@id":"https:\/\/www.a-laiturit.fi\/en\/13762-2\/#primaryimage"},"thumbnailUrl":"https:\/\/www.a-laiturit.fi\/wp-content\/uploads\/2026\/04\/kuva-landing-page-custom.jpg","inLanguage":"en-US"},{"@type":"WebPage","@id":"https:\/\/www.a-laiturit.fi\/en\/13762-2\/","url":"https:\/\/www.a-laiturit.fi\/en\/13762-2\/","name":"A-Laiturit mukana Veneentekij\u00e4ntien avajaisissa Lauttasaaressa 7.-9.5.2026 - A-Laiturit","isPartOf":{"@id":"https:\/\/www.a-laiturit.fi\/en\/#website"},"primaryImageOfPage":{"@id":"https:\/\/www.a-laiturit.fi\/en\/13762-2\/#primaryimage"},"image":{"@id":"https:\/\/www.a-laiturit.fi\/en\/13762-2\/#primaryimage"},"thumbnailUrl":"https:\/\/www.a-laiturit.fi\/wp-content\/uploads\/2026\/04\/kuva-landing-page-custom.jpg","datePublished":"2026-04-21T09:36:21+00:00","dateModified":"2026-04-21T09:37:23+00:00","breadcrumb":{"@id":"https:\/\/www.a-laiturit.fi\/en\/13762-2\/#breadcrumb"},"inLanguage":"en-US","potentialAction":[{"@type":"ReadAction","target":["https:\/\/www.a-laiturit.fi\/en\/13762-2\/"]}]},{"@type":"ImageObject","inLanguage":"en-US","@id":"https:\/\/www.a-laiturit.fi\/en\/13762-2\/#primaryimage","url":"https:\/\/www.a-laiturit.fi\/wp-content\/uploads\/2026\/04\/kuva-landing-page-custom.jpg","contentUrl":"https:\/\/www.a-laiturit.fi\/wp-content\/uploads\/2026\/04\/kuva-landing-page-custom.jpg","width":768,"height":640},{"@type":"BreadcrumbList","@id":"https:\/\/www.a-laiturit.fi\/en\/13762-2\/#breadcrumb","itemListElement":[{"@type":"ListItem","position":1,"name":"Home","item":"https:\/\/www.a-laiturit.fi\/en\/"},{"@type":"ListItem","position":2,"name":"A-Laiturit mukana Veneentekij\u00e4ntien avajaisissa Lauttasaaressa 7.-9.5.2026"}]},{"@type":"WebSite","@id":"https:\/\/www.a-laiturit.fi\/en\/#website","url":"https:\/\/www.a-laiturit.fi\/en\/","name":"A-Laiturit","description":"Me A-Laitureissa suunnittelemme ja toteutamme juuri Sinun tarpeisiisi ja rantaasi sopivan laiturin, joka kest\u00e4\u00e4. Vuosikymmenten kokemuksella voimme sanoa: &quot;Me osaamme laiturit!&quot;","publisher":{"@id":"https:\/\/www.a-laiturit.fi\/en\/#organization"},"potentialAction":[{"@type":"SearchAction","target":{"@type":"EntryPoint","urlTemplate":"https:\/\/www.a-laiturit.fi\/en\/?s={search_term_string}"},"query-input":{"@type":"PropertyValueSpecification","valueRequired":true,"valueName":"search_term_string"}}],"inLanguage":"en-US"},{"@type":"Organization","@id":"https:\/\/www.a-laiturit.fi\/en\/#organization","name":"A-laiturit Oy","url":"https:\/\/www.a-laiturit.fi\/en\/","logo":{"@type":"ImageObject","inLanguage":"en-US","@id":"https:\/\/www.a-laiturit.fi\/en\/#\/schema\/logo\/image\/","url":"https:\/\/www.a-laiturit.fi\/wp-content\/uploads\/2018\/10\/alaiturit_vari_favicon.png","contentUrl":"https:\/\/www.a-laiturit.fi\/wp-content\/uploads\/2018\/10\/alaiturit_vari_favicon.png","width":512,"height":512,"caption":"A-laiturit Oy"},"image":{"@id":"https:\/\/www.a-laiturit.fi\/en\/#\/schema\/logo\/image\/"},"sameAs":["https:\/\/www.facebook.com\/alaiturit\/","https:\/\/www.youtube.com\/channel\/UCPCnVbx3R7RICl-bGS91dEA"]},{"@type":"Person","@id":"https:\/\/www.a-laiturit.fi\/en\/#\/schema\/person\/ce67f3b2fdc5acef4759eaa02287afd5","name":"alaiturit"}]}},"_links":{"self":[{"href":"https:\/\/www.a-laiturit.fi\/en\/wp-json\/wp\/v2\/posts\/13762","targetHints":{"allow":["GET"]}}],"collection":[{"href":"https:\/\/www.a-laiturit.fi\/en\/wp-json\/wp\/v2\/posts"}],"about":[{"href":"https:\/\/www.a-laiturit.fi\/en\/wp-json\/wp\/v2\/types\/post"}],"author":[{"embeddable":true,"href":"https:\/\/www.a-laiturit.fi\/en\/wp-json\/wp\/v2\/users\/4"}],"replies":[{"embeddable":true,"href":"https:\/\/www.a-laiturit.fi\/en\/wp-json\/wp\/v2\/comments?post=13762"}],"version-history":[{"count":2,"href":"https:\/\/www.a-laiturit.fi\/en\/wp-json\/wp\/v2\/posts\/13762\/revisions"}],"predecessor-version":[{"id":13764,"href":"https:\/\/www.a-laiturit.fi\/en\/wp-json\/wp\/v2\/posts\/13762\/revisions\/13764"}],"wp:featuredmedia":[{"embeddable":true,"href":"https:\/\/www.a-laiturit.fi\/en\/wp-json\/wp\/v2\/media\/13759"}],"wp:attachment":[{"href":"https:\/\/www.a-laiturit.fi\/en\/wp-json\/wp\/v2\/media?parent=13762"}],"curies":[{"name":"wp","href":"https:\/\/api.w.org\/{rel}","templated":true}]}}