{"id":13352,"date":"2025-12-15T10:58:08","date_gmt":"2025-12-15T08:58:08","guid":{"rendered":"https:\/\/www.a-laiturit.fi\/?p=13352"},"modified":"2025-12-15T11:50:41","modified_gmt":"2025-12-15T09:50:41","slug":"a-laiturit-oyn-projektikoordinaattoriksi-miro-lappi","status":"publish","type":"post","link":"https:\/\/www.a-laiturit.fi\/en\/a-laiturit-oyn-projektikoordinaattoriksi-miro-lappi\/","title":{"rendered":"A-Laiturit Oy:n Projektikoordinaattoriksi Miro Lappi"},"content":{"rendered":"<p>Suomen johtava laiturivalmistaja A-Laiturit Oy on nimitt\u00e4nyt Projektikoordinaattoriksi Miro Lapin. H\u00e4n on aloittanut teht\u00e4v\u00e4ss\u00e4\u00e4n 8.12.2025.<\/p>\n<p>Miro Lappi siirtyy A-Laitureiden palvelukseen erilaisista rakennusalan projektiteht\u00e4vist\u00e4. Lappi on aikaisemmin toiminut hankkeissa suunnittelijana, valvojana, vastaavana ty\u00f6njohtajana. H\u00e4nell\u00e4 on kokemusta toimistopohjaisesta projektinjohdosta sek\u00e4 monipuolisesti erilaisista ty\u00f6maaolosuhteista, mik\u00e4 antaa tukea hankkeiden etenemisess\u00e4.<\/p>\n<p>Koulutukseltaan Lappi on rakennus- ja yhdyskuntatekniikan insin\u00f6\u00f6ri ja valmistunut rakennesuunnittelijaksi Turun ammattikorkeakoulusta 2020.<\/p>\n<p>Lis\u00e4tiedot: Hannu Yl\u00e4rinne, toimitusjohtaja, A-Laiturit Oy, 0400 435 638, <a href=\"mailto:hannu.ylarinne@a-laiturit.fi\">hannu.ylarinne@a-laiturit.fi<\/a><\/p>\n","protected":false},"excerpt":{"rendered":"<p>Suomen johtava laiturivalmistaja A-Laiturit Oy on nimitt\u00e4nyt Projektikoordinaattoriksi Miro Lapin. H\u00e4n on aloittanut teht\u00e4v\u00e4ss\u00e4\u00e4n 8.12.2025. Miro Lappi siirtyy A-Laitureiden palvelukseen erilaisista rakennusalan projektiteht\u00e4vist\u00e4. Lappi on aikaisemmin toiminut hankkeissa suunnittelijana, valvojana, vastaavana ty\u00f6njohtajana. H\u00e4nell\u00e4 on kokemusta toimistopohjaisesta projektinjohdosta sek\u00e4 monipuolisesti erilaisista ty\u00f6maaolosuhteista, mik\u00e4 antaa tukea hankkeiden etenemisess\u00e4. Koulutukseltaan Lappi on rakennus- ja yhdyskuntatekniikan insin\u00f6\u00f6ri ja valmistunut [&hellip;]<\/p>\n","protected":false},"author":4,"featured_media":13354,"comment_status":"closed","ping_status":"closed","sticky":false,"template":"","format":"standard","meta":{"_acf_changed":false,"footnotes":""},"class_list":["post-13352","post","type-post","status-publish","format-standard","has-post-thumbnail","hentry"],"acf":[],"yoast_head":"<title>A-Laiturit Oy:n Projektikoordinaattoriksi Miro Lappi - A-Laiturit %<\/title>\n<meta name=\"description\" content=\"Suomen johtava laiturivalmistaja A-Laiturit Oy on nimitt\u00e4nyt Projektip\u00e4\u00e4llik\u00f6ksi Kimmo Kujanp\u00e4\u00e4n. H\u00e4n aloittaa teht\u00e4v\u00e4ss\u00e4\u00e4n 20.3.2023.\" \/>\n<meta name=\"robots\" content=\"index, follow, max-snippet:-1, max-image-preview:large, max-video-preview:-1\" \/>\n<link rel=\"canonical\" href=\"https:\/\/www.a-laiturit.fi\/en\/a-laiturit-oyn-projektikoordinaattoriksi-miro-lappi\/\" \/>\n<meta property=\"og:locale\" content=\"en_US\" \/>\n<meta property=\"og:type\" content=\"article\" \/>\n<meta property=\"og:title\" content=\"A-Laiturit Oy:n Projektikoordinaattoriksi Miro Lappi - A-Laiturit %\" \/>\n<meta property=\"og:description\" content=\"Suomen johtava laiturivalmistaja A-Laiturit Oy on nimitt\u00e4nyt Projektip\u00e4\u00e4llik\u00f6ksi Kimmo Kujanp\u00e4\u00e4n. H\u00e4n aloittaa teht\u00e4v\u00e4ss\u00e4\u00e4n 20.3.2023.\" \/>\n<meta property=\"og:url\" content=\"https:\/\/www.a-laiturit.fi\/en\/a-laiturit-oyn-projektikoordinaattoriksi-miro-lappi\/\" \/>\n<meta property=\"og:site_name\" content=\"A-Laiturit\" \/>\n<meta property=\"article:publisher\" content=\"https:\/\/www.facebook.com\/alaiturit\/\" \/>\n<meta property=\"article:published_time\" content=\"2025-12-15T08:58:08+00:00\" \/>\n<meta property=\"article:modified_time\" content=\"2025-12-15T09:50:41+00:00\" \/>\n<meta property=\"og:image\" content=\"https:\/\/www.a-laiturit.fi\/wp-content\/uploads\/2025\/12\/miro-lappi-custom-1.jpg\" \/>\n\t<meta property=\"og:image:width\" content=\"518\" \/>\n\t<meta property=\"og:image:height\" content=\"393\" \/>\n\t<meta property=\"og:image:type\" content=\"image\/jpeg\" \/>\n<meta name=\"author\" content=\"alaiturit\" \/>\n<meta name=\"twitter:label1\" content=\"Written by\" \/>\n\t<meta name=\"twitter:data1\" content=\"alaiturit\" \/>\n\t<meta name=\"twitter:label2\" content=\"Est. reading time\" \/>\n\t<meta name=\"twitter:data2\" content=\"1 minute\" \/>\n<script type=\"application\/ld+json\" class=\"yoast-schema-graph\">{\"@context\":\"https:\\\/\\\/schema.org\",\"@graph\":[{\"@type\":\"Article\",\"@id\":\"https:\\\/\\\/www.a-laiturit.fi\\\/en\\\/a-laiturit-oyn-projektikoordinaattoriksi-miro-lappi\\\/#article\",\"isPartOf\":{\"@id\":\"https:\\\/\\\/www.a-laiturit.fi\\\/en\\\/a-laiturit-oyn-projektikoordinaattoriksi-miro-lappi\\\/\"},\"author\":{\"name\":\"alaiturit\",\"@id\":\"https:\\\/\\\/www.a-laiturit.fi\\\/en\\\/#\\\/schema\\\/person\\\/ce67f3b2fdc5acef4759eaa02287afd5\"},\"headline\":\"A-Laiturit Oy:n Projektikoordinaattoriksi Miro Lappi\",\"datePublished\":\"2025-12-15T08:58:08+00:00\",\"dateModified\":\"2025-12-15T09:50:41+00:00\",\"mainEntityOfPage\":{\"@id\":\"https:\\\/\\\/www.a-laiturit.fi\\\/en\\\/a-laiturit-oyn-projektikoordinaattoriksi-miro-lappi\\\/\"},\"wordCount\":85,\"publisher\":{\"@id\":\"https:\\\/\\\/www.a-laiturit.fi\\\/en\\\/#organization\"},\"image\":{\"@id\":\"https:\\\/\\\/www.a-laiturit.fi\\\/en\\\/a-laiturit-oyn-projektikoordinaattoriksi-miro-lappi\\\/#primaryimage\"},\"thumbnailUrl\":\"https:\\\/\\\/www.a-laiturit.fi\\\/wp-content\\\/uploads\\\/2025\\\/12\\\/miro-lappi-custom-1.jpg\",\"inLanguage\":\"en-US\"},{\"@type\":\"WebPage\",\"@id\":\"https:\\\/\\\/www.a-laiturit.fi\\\/en\\\/a-laiturit-oyn-projektikoordinaattoriksi-miro-lappi\\\/\",\"url\":\"https:\\\/\\\/www.a-laiturit.fi\\\/en\\\/a-laiturit-oyn-projektikoordinaattoriksi-miro-lappi\\\/\",\"name\":\"A-Laiturit Oy:n Projektikoordinaattoriksi Miro Lappi - A-Laiturit %\",\"isPartOf\":{\"@id\":\"https:\\\/\\\/www.a-laiturit.fi\\\/en\\\/#website\"},\"primaryImageOfPage\":{\"@id\":\"https:\\\/\\\/www.a-laiturit.fi\\\/en\\\/a-laiturit-oyn-projektikoordinaattoriksi-miro-lappi\\\/#primaryimage\"},\"image\":{\"@id\":\"https:\\\/\\\/www.a-laiturit.fi\\\/en\\\/a-laiturit-oyn-projektikoordinaattoriksi-miro-lappi\\\/#primaryimage\"},\"thumbnailUrl\":\"https:\\\/\\\/www.a-laiturit.fi\\\/wp-content\\\/uploads\\\/2025\\\/12\\\/miro-lappi-custom-1.jpg\",\"datePublished\":\"2025-12-15T08:58:08+00:00\",\"dateModified\":\"2025-12-15T09:50:41+00:00\",\"description\":\"Suomen johtava laiturivalmistaja A-Laiturit Oy on nimitt\u00e4nyt Projektip\u00e4\u00e4llik\u00f6ksi Kimmo Kujanp\u00e4\u00e4n. H\u00e4n aloittaa teht\u00e4v\u00e4ss\u00e4\u00e4n 20.3.2023.\",\"breadcrumb\":{\"@id\":\"https:\\\/\\\/www.a-laiturit.fi\\\/en\\\/a-laiturit-oyn-projektikoordinaattoriksi-miro-lappi\\\/#breadcrumb\"},\"inLanguage\":\"en-US\",\"potentialAction\":[{\"@type\":\"ReadAction\",\"target\":[\"https:\\\/\\\/www.a-laiturit.fi\\\/en\\\/a-laiturit-oyn-projektikoordinaattoriksi-miro-lappi\\\/\"]}]},{\"@type\":\"ImageObject\",\"inLanguage\":\"en-US\",\"@id\":\"https:\\\/\\\/www.a-laiturit.fi\\\/en\\\/a-laiturit-oyn-projektikoordinaattoriksi-miro-lappi\\\/#primaryimage\",\"url\":\"https:\\\/\\\/www.a-laiturit.fi\\\/wp-content\\\/uploads\\\/2025\\\/12\\\/miro-lappi-custom-1.jpg\",\"contentUrl\":\"https:\\\/\\\/www.a-laiturit.fi\\\/wp-content\\\/uploads\\\/2025\\\/12\\\/miro-lappi-custom-1.jpg\",\"width\":518,\"height\":393},{\"@type\":\"BreadcrumbList\",\"@id\":\"https:\\\/\\\/www.a-laiturit.fi\\\/en\\\/a-laiturit-oyn-projektikoordinaattoriksi-miro-lappi\\\/#breadcrumb\",\"itemListElement\":[{\"@type\":\"ListItem\",\"position\":1,\"name\":\"Home\",\"item\":\"https:\\\/\\\/www.a-laiturit.fi\\\/en\\\/\"},{\"@type\":\"ListItem\",\"position\":2,\"name\":\"A-Laiturit Oy:n Projektikoordinaattoriksi Miro Lappi\"}]},{\"@type\":\"WebSite\",\"@id\":\"https:\\\/\\\/www.a-laiturit.fi\\\/en\\\/#website\",\"url\":\"https:\\\/\\\/www.a-laiturit.fi\\\/en\\\/\",\"name\":\"A-Laiturit\",\"description\":\"Me A-Laitureissa suunnittelemme ja toteutamme juuri Sinun tarpeisiisi ja rantaasi sopivan laiturin, joka kest\u00e4\u00e4. Vuosikymmenten kokemuksella voimme sanoa: &quot;Me osaamme laiturit!&quot;\",\"publisher\":{\"@id\":\"https:\\\/\\\/www.a-laiturit.fi\\\/en\\\/#organization\"},\"potentialAction\":[{\"@type\":\"SearchAction\",\"target\":{\"@type\":\"EntryPoint\",\"urlTemplate\":\"https:\\\/\\\/www.a-laiturit.fi\\\/en\\\/?s={search_term_string}\"},\"query-input\":{\"@type\":\"PropertyValueSpecification\",\"valueRequired\":true,\"valueName\":\"search_term_string\"}}],\"inLanguage\":\"en-US\"},{\"@type\":\"Organization\",\"@id\":\"https:\\\/\\\/www.a-laiturit.fi\\\/en\\\/#organization\",\"name\":\"A-laiturit Oy\",\"url\":\"https:\\\/\\\/www.a-laiturit.fi\\\/en\\\/\",\"logo\":{\"@type\":\"ImageObject\",\"inLanguage\":\"en-US\",\"@id\":\"https:\\\/\\\/www.a-laiturit.fi\\\/en\\\/#\\\/schema\\\/logo\\\/image\\\/\",\"url\":\"https:\\\/\\\/www.a-laiturit.fi\\\/wp-content\\\/uploads\\\/2018\\\/10\\\/alaiturit_vari_favicon.png\",\"contentUrl\":\"https:\\\/\\\/www.a-laiturit.fi\\\/wp-content\\\/uploads\\\/2018\\\/10\\\/alaiturit_vari_favicon.png\",\"width\":512,\"height\":512,\"caption\":\"A-laiturit Oy\"},\"image\":{\"@id\":\"https:\\\/\\\/www.a-laiturit.fi\\\/en\\\/#\\\/schema\\\/logo\\\/image\\\/\"},\"sameAs\":[\"https:\\\/\\\/www.facebook.com\\\/alaiturit\\\/\",\"https:\\\/\\\/www.youtube.com\\\/channel\\\/UCPCnVbx3R7RICl-bGS91dEA\"]},{\"@type\":\"Person\",\"@id\":\"https:\\\/\\\/www.a-laiturit.fi\\\/en\\\/#\\\/schema\\\/person\\\/ce67f3b2fdc5acef4759eaa02287afd5\",\"name\":\"alaiturit\"}]}<\/script>","yoast_head_json":{"title":"A-Laiturit Oy:n Projektikoordinaattoriksi Miro Lappi - A-Laiturit %","description":"Suomen johtava laiturivalmistaja A-Laiturit Oy on nimitt\u00e4nyt Projektip\u00e4\u00e4llik\u00f6ksi Kimmo Kujanp\u00e4\u00e4n. H\u00e4n aloittaa teht\u00e4v\u00e4ss\u00e4\u00e4n 20.3.2023.","robots":{"index":"index","follow":"follow","max-snippet":"max-snippet:-1","max-image-preview":"max-image-preview:large","max-video-preview":"max-video-preview:-1"},"canonical":"https:\/\/www.a-laiturit.fi\/en\/a-laiturit-oyn-projektikoordinaattoriksi-miro-lappi\/","og_locale":"en_US","og_type":"article","og_title":"A-Laiturit Oy:n Projektikoordinaattoriksi Miro Lappi - A-Laiturit %","og_description":"Suomen johtava laiturivalmistaja A-Laiturit Oy on nimitt\u00e4nyt Projektip\u00e4\u00e4llik\u00f6ksi Kimmo Kujanp\u00e4\u00e4n. H\u00e4n aloittaa teht\u00e4v\u00e4ss\u00e4\u00e4n 20.3.2023.","og_url":"https:\/\/www.a-laiturit.fi\/en\/a-laiturit-oyn-projektikoordinaattoriksi-miro-lappi\/","og_site_name":"A-Laiturit","article_publisher":"https:\/\/www.facebook.com\/alaiturit\/","article_published_time":"2025-12-15T08:58:08+00:00","article_modified_time":"2025-12-15T09:50:41+00:00","og_image":[{"width":518,"height":393,"url":"https:\/\/www.a-laiturit.fi\/wp-content\/uploads\/2025\/12\/miro-lappi-custom-1.jpg","type":"image\/jpeg"}],"author":"alaiturit","twitter_misc":{"Written by":"alaiturit","Est. reading time":"1 minute"},"schema":{"@context":"https:\/\/schema.org","@graph":[{"@type":"Article","@id":"https:\/\/www.a-laiturit.fi\/en\/a-laiturit-oyn-projektikoordinaattoriksi-miro-lappi\/#article","isPartOf":{"@id":"https:\/\/www.a-laiturit.fi\/en\/a-laiturit-oyn-projektikoordinaattoriksi-miro-lappi\/"},"author":{"name":"alaiturit","@id":"https:\/\/www.a-laiturit.fi\/en\/#\/schema\/person\/ce67f3b2fdc5acef4759eaa02287afd5"},"headline":"A-Laiturit Oy:n Projektikoordinaattoriksi Miro Lappi","datePublished":"2025-12-15T08:58:08+00:00","dateModified":"2025-12-15T09:50:41+00:00","mainEntityOfPage":{"@id":"https:\/\/www.a-laiturit.fi\/en\/a-laiturit-oyn-projektikoordinaattoriksi-miro-lappi\/"},"wordCount":85,"publisher":{"@id":"https:\/\/www.a-laiturit.fi\/en\/#organization"},"image":{"@id":"https:\/\/www.a-laiturit.fi\/en\/a-laiturit-oyn-projektikoordinaattoriksi-miro-lappi\/#primaryimage"},"thumbnailUrl":"https:\/\/www.a-laiturit.fi\/wp-content\/uploads\/2025\/12\/miro-lappi-custom-1.jpg","inLanguage":"en-US"},{"@type":"WebPage","@id":"https:\/\/www.a-laiturit.fi\/en\/a-laiturit-oyn-projektikoordinaattoriksi-miro-lappi\/","url":"https:\/\/www.a-laiturit.fi\/en\/a-laiturit-oyn-projektikoordinaattoriksi-miro-lappi\/","name":"A-Laiturit Oy:n Projektikoordinaattoriksi Miro Lappi - A-Laiturit %","isPartOf":{"@id":"https:\/\/www.a-laiturit.fi\/en\/#website"},"primaryImageOfPage":{"@id":"https:\/\/www.a-laiturit.fi\/en\/a-laiturit-oyn-projektikoordinaattoriksi-miro-lappi\/#primaryimage"},"image":{"@id":"https:\/\/www.a-laiturit.fi\/en\/a-laiturit-oyn-projektikoordinaattoriksi-miro-lappi\/#primaryimage"},"thumbnailUrl":"https:\/\/www.a-laiturit.fi\/wp-content\/uploads\/2025\/12\/miro-lappi-custom-1.jpg","datePublished":"2025-12-15T08:58:08+00:00","dateModified":"2025-12-15T09:50:41+00:00","description":"Suomen johtava laiturivalmistaja A-Laiturit Oy on nimitt\u00e4nyt Projektip\u00e4\u00e4llik\u00f6ksi Kimmo Kujanp\u00e4\u00e4n. H\u00e4n aloittaa teht\u00e4v\u00e4ss\u00e4\u00e4n 20.3.2023.","breadcrumb":{"@id":"https:\/\/www.a-laiturit.fi\/en\/a-laiturit-oyn-projektikoordinaattoriksi-miro-lappi\/#breadcrumb"},"inLanguage":"en-US","potentialAction":[{"@type":"ReadAction","target":["https:\/\/www.a-laiturit.fi\/en\/a-laiturit-oyn-projektikoordinaattoriksi-miro-lappi\/"]}]},{"@type":"ImageObject","inLanguage":"en-US","@id":"https:\/\/www.a-laiturit.fi\/en\/a-laiturit-oyn-projektikoordinaattoriksi-miro-lappi\/#primaryimage","url":"https:\/\/www.a-laiturit.fi\/wp-content\/uploads\/2025\/12\/miro-lappi-custom-1.jpg","contentUrl":"https:\/\/www.a-laiturit.fi\/wp-content\/uploads\/2025\/12\/miro-lappi-custom-1.jpg","width":518,"height":393},{"@type":"BreadcrumbList","@id":"https:\/\/www.a-laiturit.fi\/en\/a-laiturit-oyn-projektikoordinaattoriksi-miro-lappi\/#breadcrumb","itemListElement":[{"@type":"ListItem","position":1,"name":"Home","item":"https:\/\/www.a-laiturit.fi\/en\/"},{"@type":"ListItem","position":2,"name":"A-Laiturit Oy:n Projektikoordinaattoriksi Miro Lappi"}]},{"@type":"WebSite","@id":"https:\/\/www.a-laiturit.fi\/en\/#website","url":"https:\/\/www.a-laiturit.fi\/en\/","name":"A-Laiturit","description":"Me A-Laitureissa suunnittelemme ja toteutamme juuri Sinun tarpeisiisi ja rantaasi sopivan laiturin, joka kest\u00e4\u00e4. Vuosikymmenten kokemuksella voimme sanoa: &quot;Me osaamme laiturit!&quot;","publisher":{"@id":"https:\/\/www.a-laiturit.fi\/en\/#organization"},"potentialAction":[{"@type":"SearchAction","target":{"@type":"EntryPoint","urlTemplate":"https:\/\/www.a-laiturit.fi\/en\/?s={search_term_string}"},"query-input":{"@type":"PropertyValueSpecification","valueRequired":true,"valueName":"search_term_string"}}],"inLanguage":"en-US"},{"@type":"Organization","@id":"https:\/\/www.a-laiturit.fi\/en\/#organization","name":"A-laiturit Oy","url":"https:\/\/www.a-laiturit.fi\/en\/","logo":{"@type":"ImageObject","inLanguage":"en-US","@id":"https:\/\/www.a-laiturit.fi\/en\/#\/schema\/logo\/image\/","url":"https:\/\/www.a-laiturit.fi\/wp-content\/uploads\/2018\/10\/alaiturit_vari_favicon.png","contentUrl":"https:\/\/www.a-laiturit.fi\/wp-content\/uploads\/2018\/10\/alaiturit_vari_favicon.png","width":512,"height":512,"caption":"A-laiturit Oy"},"image":{"@id":"https:\/\/www.a-laiturit.fi\/en\/#\/schema\/logo\/image\/"},"sameAs":["https:\/\/www.facebook.com\/alaiturit\/","https:\/\/www.youtube.com\/channel\/UCPCnVbx3R7RICl-bGS91dEA"]},{"@type":"Person","@id":"https:\/\/www.a-laiturit.fi\/en\/#\/schema\/person\/ce67f3b2fdc5acef4759eaa02287afd5","name":"alaiturit"}]}},"_links":{"self":[{"href":"https:\/\/www.a-laiturit.fi\/en\/wp-json\/wp\/v2\/posts\/13352","targetHints":{"allow":["GET"]}}],"collection":[{"href":"https:\/\/www.a-laiturit.fi\/en\/wp-json\/wp\/v2\/posts"}],"about":[{"href":"https:\/\/www.a-laiturit.fi\/en\/wp-json\/wp\/v2\/types\/post"}],"author":[{"embeddable":true,"href":"https:\/\/www.a-laiturit.fi\/en\/wp-json\/wp\/v2\/users\/4"}],"replies":[{"embeddable":true,"href":"https:\/\/www.a-laiturit.fi\/en\/wp-json\/wp\/v2\/comments?post=13352"}],"version-history":[{"count":1,"href":"https:\/\/www.a-laiturit.fi\/en\/wp-json\/wp\/v2\/posts\/13352\/revisions"}],"predecessor-version":[{"id":13353,"href":"https:\/\/www.a-laiturit.fi\/en\/wp-json\/wp\/v2\/posts\/13352\/revisions\/13353"}],"wp:featuredmedia":[{"embeddable":true,"href":"https:\/\/www.a-laiturit.fi\/en\/wp-json\/wp\/v2\/media\/13354"}],"wp:attachment":[{"href":"https:\/\/www.a-laiturit.fi\/en\/wp-json\/wp\/v2\/media?parent=13352"}],"curies":[{"name":"wp","href":"https:\/\/api.w.org\/{rel}","templated":true}]}}