{"id":10884,"date":"2023-03-03T10:28:02","date_gmt":"2023-03-03T08:28:02","guid":{"rendered":"https:\/\/www.a-laiturit.fi\/?p=10884"},"modified":"2023-03-03T10:29:47","modified_gmt":"2023-03-03T08:29:47","slug":"a-laiturit-huolto-oyn-operatiiviseksi-johtajaksi-markus-rinne","status":"publish","type":"post","link":"https:\/\/www.a-laiturit.fi\/en\/a-laiturit-huolto-oyn-operatiiviseksi-johtajaksi-markus-rinne\/","title":{"rendered":"A-Laiturit Huolto Oy:n operatiiviseksi johtajaksi Markus Rinne"},"content":{"rendered":"<p>Suomen johtava laiturivalmistaja A-Laiturit Oy on nimitt\u00e4nyt tyt\u00e4ryhti\u00f6ns\u00e4 A-Laiturit Huolto Oy:n operatiiviseksi johtajaksi Markus Rinteen. Rinne palaa takaisin yhti\u00f6\u00f6n ja aloittaa uudessa teht\u00e4v\u00e4ss\u00e4\u00e4n 15.3.2023.<\/p>\n<p>A-Laiturit jatkaa kasvuaan ja panostamme voimakkaasti Huolto- ja kunnossapito liiketoiminnan kehitt\u00e4miseen. Yksityis- ja venesatamasektorin asiakkailta saamamme palautteen perusteella, n\u00e4emme s\u00e4\u00e4nn\u00f6lliselle yksityisten laitureiden sek\u00e4 satamien huolto- ja kunnossapitotoiminalle kasvavaa tarvetta. Olemme panostaneet erityisesti liikkuvaan toimintamalliin, jolloin pystymme vastaamaan nopeassa aikataulussa asiakkaan tarpeeseen.<\/p>\n<p>Olemme eritt\u00e4in iloisia Markus Rinteen palaamisesta yhti\u00f6\u00f6n ja kehitt\u00e4m\u00e4\u00e4n A-Laiturit Huolto Oy:n toiminnasta alansa suunnann\u00e4ytt\u00e4j\u00e4\u00e4 kertoo A-Laitureiden toimitusjohtaja Hannu Yl\u00e4rinne.<\/p>\n<p>Rinne palaa A-Laitureille Versowood:sta ty\u00f6njohtajan teht\u00e4v\u00e4st\u00e4. Rinteell\u00e4 on pitk\u00e4aikainen kokemus A-Laitureiden toiminnasta, h\u00e4n on viimeksi vastannut tuotannonjohtamisesta.<\/p>\n<p>Markus Rinne toteaa Versowoodin tarjonneen h\u00e4nelle eritt\u00e4in mieluisan ja opettavan mahdollisuuden, samalla kuitenkin tuntuu kuin palaisi kotiin osaksi mahtavaa A-Laiturit perhett\u00e4.<\/p>\n<p>Lis\u00e4tiedot: Hannu Yl\u00e4rinne, toimitusjohtaja, A-Laiturit Oy, 0400 435 638, <a href=\"mailto:hannu.ylarinne@a-laiturit.fi\">hannu.ylarinne@a-laiturit.fi<\/a><\/p>\n","protected":false},"excerpt":{"rendered":"<p>Suomen johtava laiturivalmistaja A-Laiturit Oy on nimitt\u00e4nyt tyt\u00e4ryhti\u00f6ns\u00e4 A-Laiturit Huolto Oy:n operatiiviseksi johtajaksi Markus Rinteen. Rinne palaa takaisin yhti\u00f6\u00f6n ja aloittaa uudessa teht\u00e4v\u00e4ss\u00e4\u00e4n 15.3.2023. A-Laiturit jatkaa kasvuaan ja panostamme voimakkaasti Huolto- ja kunnossapito liiketoiminnan kehitt\u00e4miseen. Yksityis- ja venesatamasektorin asiakkailta saamamme palautteen perusteella, n\u00e4emme s\u00e4\u00e4nn\u00f6lliselle yksityisten laitureiden sek\u00e4 satamien huolto- ja kunnossapitotoiminalle kasvavaa tarvetta. Olemme panostaneet [&hellip;]<\/p>\n","protected":false},"author":4,"featured_media":10885,"comment_status":"closed","ping_status":"closed","sticky":false,"template":"","format":"standard","meta":{"_acf_changed":false,"footnotes":""},"class_list":["post-10884","post","type-post","status-publish","format-standard","has-post-thumbnail","hentry"],"acf":[],"yoast_head":"<title>A-Laiturit Huolto Oy:n operatiiviseksi johtajaksi Markus Rinne - A-Laiturit<\/title>\n<meta name=\"robots\" content=\"index, follow, max-snippet:-1, max-image-preview:large, max-video-preview:-1\" \/>\n<link rel=\"canonical\" href=\"https:\/\/www.a-laiturit.fi\/en\/a-laiturit-huolto-oyn-operatiiviseksi-johtajaksi-markus-rinne\/\" \/>\n<meta property=\"og:locale\" content=\"en_US\" \/>\n<meta property=\"og:type\" content=\"article\" \/>\n<meta property=\"og:title\" content=\"A-Laiturit Huolto Oy:n operatiiviseksi johtajaksi Markus Rinne - A-Laiturit\" \/>\n<meta property=\"og:description\" content=\"Suomen johtava laiturivalmistaja A-Laiturit Oy on nimitt\u00e4nyt tyt\u00e4ryhti\u00f6ns\u00e4 A-Laiturit Huolto Oy:n operatiiviseksi johtajaksi Markus Rinteen. Rinne palaa takaisin yhti\u00f6\u00f6n ja aloittaa uudessa teht\u00e4v\u00e4ss\u00e4\u00e4n 15.3.2023. A-Laiturit jatkaa kasvuaan ja panostamme voimakkaasti Huolto- ja kunnossapito liiketoiminnan kehitt\u00e4miseen. Yksityis- ja venesatamasektorin asiakkailta saamamme palautteen perusteella, n\u00e4emme s\u00e4\u00e4nn\u00f6lliselle yksityisten laitureiden sek\u00e4 satamien huolto- ja kunnossapitotoiminalle kasvavaa tarvetta. Olemme panostaneet [&hellip;]\" \/>\n<meta property=\"og:url\" content=\"https:\/\/www.a-laiturit.fi\/en\/a-laiturit-huolto-oyn-operatiiviseksi-johtajaksi-markus-rinne\/\" \/>\n<meta property=\"og:site_name\" content=\"A-Laiturit\" \/>\n<meta property=\"article:publisher\" content=\"https:\/\/www.facebook.com\/alaiturit\/\" \/>\n<meta property=\"article:published_time\" content=\"2023-03-03T08:28:02+00:00\" \/>\n<meta property=\"article:modified_time\" content=\"2023-03-03T08:29:47+00:00\" \/>\n<meta property=\"og:image\" content=\"https:\/\/www.a-laiturit.fi\/wp-content\/uploads\/2023\/03\/markus-rinne-custom.jpg\" \/>\n\t<meta property=\"og:image:width\" content=\"770\" \/>\n\t<meta property=\"og:image:height\" content=\"555\" \/>\n\t<meta property=\"og:image:type\" content=\"image\/jpeg\" \/>\n<meta name=\"author\" content=\"alaiturit\" \/>\n<meta name=\"twitter:label1\" content=\"Written by\" \/>\n\t<meta name=\"twitter:data1\" content=\"alaiturit\" \/>\n\t<meta name=\"twitter:label2\" content=\"Est. reading time\" \/>\n\t<meta name=\"twitter:data2\" content=\"1 minute\" \/>\n<script type=\"application\/ld+json\" class=\"yoast-schema-graph\">{\"@context\":\"https:\\\/\\\/schema.org\",\"@graph\":[{\"@type\":\"Article\",\"@id\":\"https:\\\/\\\/www.a-laiturit.fi\\\/en\\\/a-laiturit-huolto-oyn-operatiiviseksi-johtajaksi-markus-rinne\\\/#article\",\"isPartOf\":{\"@id\":\"https:\\\/\\\/www.a-laiturit.fi\\\/en\\\/a-laiturit-huolto-oyn-operatiiviseksi-johtajaksi-markus-rinne\\\/\"},\"author\":{\"name\":\"alaiturit\",\"@id\":\"https:\\\/\\\/www.a-laiturit.fi\\\/en\\\/#\\\/schema\\\/person\\\/ce67f3b2fdc5acef4759eaa02287afd5\"},\"headline\":\"A-Laiturit Huolto Oy:n operatiiviseksi johtajaksi Markus Rinne\",\"datePublished\":\"2023-03-03T08:28:02+00:00\",\"dateModified\":\"2023-03-03T08:29:47+00:00\",\"mainEntityOfPage\":{\"@id\":\"https:\\\/\\\/www.a-laiturit.fi\\\/en\\\/a-laiturit-huolto-oyn-operatiiviseksi-johtajaksi-markus-rinne\\\/\"},\"wordCount\":170,\"publisher\":{\"@id\":\"https:\\\/\\\/www.a-laiturit.fi\\\/en\\\/#organization\"},\"image\":{\"@id\":\"https:\\\/\\\/www.a-laiturit.fi\\\/en\\\/a-laiturit-huolto-oyn-operatiiviseksi-johtajaksi-markus-rinne\\\/#primaryimage\"},\"thumbnailUrl\":\"https:\\\/\\\/www.a-laiturit.fi\\\/wp-content\\\/uploads\\\/2023\\\/03\\\/markus-rinne-custom.jpg\",\"inLanguage\":\"en-US\"},{\"@type\":\"WebPage\",\"@id\":\"https:\\\/\\\/www.a-laiturit.fi\\\/en\\\/a-laiturit-huolto-oyn-operatiiviseksi-johtajaksi-markus-rinne\\\/\",\"url\":\"https:\\\/\\\/www.a-laiturit.fi\\\/en\\\/a-laiturit-huolto-oyn-operatiiviseksi-johtajaksi-markus-rinne\\\/\",\"name\":\"A-Laiturit Huolto Oy:n operatiiviseksi johtajaksi Markus Rinne - A-Laiturit\",\"isPartOf\":{\"@id\":\"https:\\\/\\\/www.a-laiturit.fi\\\/en\\\/#website\"},\"primaryImageOfPage\":{\"@id\":\"https:\\\/\\\/www.a-laiturit.fi\\\/en\\\/a-laiturit-huolto-oyn-operatiiviseksi-johtajaksi-markus-rinne\\\/#primaryimage\"},\"image\":{\"@id\":\"https:\\\/\\\/www.a-laiturit.fi\\\/en\\\/a-laiturit-huolto-oyn-operatiiviseksi-johtajaksi-markus-rinne\\\/#primaryimage\"},\"thumbnailUrl\":\"https:\\\/\\\/www.a-laiturit.fi\\\/wp-content\\\/uploads\\\/2023\\\/03\\\/markus-rinne-custom.jpg\",\"datePublished\":\"2023-03-03T08:28:02+00:00\",\"dateModified\":\"2023-03-03T08:29:47+00:00\",\"breadcrumb\":{\"@id\":\"https:\\\/\\\/www.a-laiturit.fi\\\/en\\\/a-laiturit-huolto-oyn-operatiiviseksi-johtajaksi-markus-rinne\\\/#breadcrumb\"},\"inLanguage\":\"en-US\",\"potentialAction\":[{\"@type\":\"ReadAction\",\"target\":[\"https:\\\/\\\/www.a-laiturit.fi\\\/en\\\/a-laiturit-huolto-oyn-operatiiviseksi-johtajaksi-markus-rinne\\\/\"]}]},{\"@type\":\"ImageObject\",\"inLanguage\":\"en-US\",\"@id\":\"https:\\\/\\\/www.a-laiturit.fi\\\/en\\\/a-laiturit-huolto-oyn-operatiiviseksi-johtajaksi-markus-rinne\\\/#primaryimage\",\"url\":\"https:\\\/\\\/www.a-laiturit.fi\\\/wp-content\\\/uploads\\\/2023\\\/03\\\/markus-rinne-custom.jpg\",\"contentUrl\":\"https:\\\/\\\/www.a-laiturit.fi\\\/wp-content\\\/uploads\\\/2023\\\/03\\\/markus-rinne-custom.jpg\",\"width\":770,\"height\":555,\"caption\":\"A-Laiturit Huolto Oy Markus Rinne\"},{\"@type\":\"BreadcrumbList\",\"@id\":\"https:\\\/\\\/www.a-laiturit.fi\\\/en\\\/a-laiturit-huolto-oyn-operatiiviseksi-johtajaksi-markus-rinne\\\/#breadcrumb\",\"itemListElement\":[{\"@type\":\"ListItem\",\"position\":1,\"name\":\"Home\",\"item\":\"https:\\\/\\\/www.a-laiturit.fi\\\/en\\\/\"},{\"@type\":\"ListItem\",\"position\":2,\"name\":\"A-Laiturit Huolto Oy:n operatiiviseksi johtajaksi Markus Rinne\"}]},{\"@type\":\"WebSite\",\"@id\":\"https:\\\/\\\/www.a-laiturit.fi\\\/en\\\/#website\",\"url\":\"https:\\\/\\\/www.a-laiturit.fi\\\/en\\\/\",\"name\":\"A-Laiturit\",\"description\":\"Me A-Laitureissa suunnittelemme ja toteutamme juuri Sinun tarpeisiisi ja rantaasi sopivan laiturin, joka kest\u00e4\u00e4. Vuosikymmenten kokemuksella voimme sanoa: &quot;Me osaamme laiturit!&quot;\",\"publisher\":{\"@id\":\"https:\\\/\\\/www.a-laiturit.fi\\\/en\\\/#organization\"},\"potentialAction\":[{\"@type\":\"SearchAction\",\"target\":{\"@type\":\"EntryPoint\",\"urlTemplate\":\"https:\\\/\\\/www.a-laiturit.fi\\\/en\\\/?s={search_term_string}\"},\"query-input\":{\"@type\":\"PropertyValueSpecification\",\"valueRequired\":true,\"valueName\":\"search_term_string\"}}],\"inLanguage\":\"en-US\"},{\"@type\":\"Organization\",\"@id\":\"https:\\\/\\\/www.a-laiturit.fi\\\/en\\\/#organization\",\"name\":\"A-laiturit Oy\",\"url\":\"https:\\\/\\\/www.a-laiturit.fi\\\/en\\\/\",\"logo\":{\"@type\":\"ImageObject\",\"inLanguage\":\"en-US\",\"@id\":\"https:\\\/\\\/www.a-laiturit.fi\\\/en\\\/#\\\/schema\\\/logo\\\/image\\\/\",\"url\":\"https:\\\/\\\/www.a-laiturit.fi\\\/wp-content\\\/uploads\\\/2018\\\/10\\\/alaiturit_vari_favicon.png\",\"contentUrl\":\"https:\\\/\\\/www.a-laiturit.fi\\\/wp-content\\\/uploads\\\/2018\\\/10\\\/alaiturit_vari_favicon.png\",\"width\":512,\"height\":512,\"caption\":\"A-laiturit Oy\"},\"image\":{\"@id\":\"https:\\\/\\\/www.a-laiturit.fi\\\/en\\\/#\\\/schema\\\/logo\\\/image\\\/\"},\"sameAs\":[\"https:\\\/\\\/www.facebook.com\\\/alaiturit\\\/\",\"https:\\\/\\\/www.youtube.com\\\/channel\\\/UCPCnVbx3R7RICl-bGS91dEA\"]},{\"@type\":\"Person\",\"@id\":\"https:\\\/\\\/www.a-laiturit.fi\\\/en\\\/#\\\/schema\\\/person\\\/ce67f3b2fdc5acef4759eaa02287afd5\",\"name\":\"alaiturit\"}]}<\/script>","yoast_head_json":{"title":"A-Laiturit Huolto Oy:n operatiiviseksi johtajaksi Markus Rinne - A-Laiturit","robots":{"index":"index","follow":"follow","max-snippet":"max-snippet:-1","max-image-preview":"max-image-preview:large","max-video-preview":"max-video-preview:-1"},"canonical":"https:\/\/www.a-laiturit.fi\/en\/a-laiturit-huolto-oyn-operatiiviseksi-johtajaksi-markus-rinne\/","og_locale":"en_US","og_type":"article","og_title":"A-Laiturit Huolto Oy:n operatiiviseksi johtajaksi Markus Rinne - A-Laiturit","og_description":"Suomen johtava laiturivalmistaja A-Laiturit Oy on nimitt\u00e4nyt tyt\u00e4ryhti\u00f6ns\u00e4 A-Laiturit Huolto Oy:n operatiiviseksi johtajaksi Markus Rinteen. Rinne palaa takaisin yhti\u00f6\u00f6n ja aloittaa uudessa teht\u00e4v\u00e4ss\u00e4\u00e4n 15.3.2023. A-Laiturit jatkaa kasvuaan ja panostamme voimakkaasti Huolto- ja kunnossapito liiketoiminnan kehitt\u00e4miseen. Yksityis- ja venesatamasektorin asiakkailta saamamme palautteen perusteella, n\u00e4emme s\u00e4\u00e4nn\u00f6lliselle yksityisten laitureiden sek\u00e4 satamien huolto- ja kunnossapitotoiminalle kasvavaa tarvetta. Olemme panostaneet [&hellip;]","og_url":"https:\/\/www.a-laiturit.fi\/en\/a-laiturit-huolto-oyn-operatiiviseksi-johtajaksi-markus-rinne\/","og_site_name":"A-Laiturit","article_publisher":"https:\/\/www.facebook.com\/alaiturit\/","article_published_time":"2023-03-03T08:28:02+00:00","article_modified_time":"2023-03-03T08:29:47+00:00","og_image":[{"width":770,"height":555,"url":"https:\/\/www.a-laiturit.fi\/wp-content\/uploads\/2023\/03\/markus-rinne-custom.jpg","type":"image\/jpeg"}],"author":"alaiturit","twitter_misc":{"Written by":"alaiturit","Est. reading time":"1 minute"},"schema":{"@context":"https:\/\/schema.org","@graph":[{"@type":"Article","@id":"https:\/\/www.a-laiturit.fi\/en\/a-laiturit-huolto-oyn-operatiiviseksi-johtajaksi-markus-rinne\/#article","isPartOf":{"@id":"https:\/\/www.a-laiturit.fi\/en\/a-laiturit-huolto-oyn-operatiiviseksi-johtajaksi-markus-rinne\/"},"author":{"name":"alaiturit","@id":"https:\/\/www.a-laiturit.fi\/en\/#\/schema\/person\/ce67f3b2fdc5acef4759eaa02287afd5"},"headline":"A-Laiturit Huolto Oy:n operatiiviseksi johtajaksi Markus Rinne","datePublished":"2023-03-03T08:28:02+00:00","dateModified":"2023-03-03T08:29:47+00:00","mainEntityOfPage":{"@id":"https:\/\/www.a-laiturit.fi\/en\/a-laiturit-huolto-oyn-operatiiviseksi-johtajaksi-markus-rinne\/"},"wordCount":170,"publisher":{"@id":"https:\/\/www.a-laiturit.fi\/en\/#organization"},"image":{"@id":"https:\/\/www.a-laiturit.fi\/en\/a-laiturit-huolto-oyn-operatiiviseksi-johtajaksi-markus-rinne\/#primaryimage"},"thumbnailUrl":"https:\/\/www.a-laiturit.fi\/wp-content\/uploads\/2023\/03\/markus-rinne-custom.jpg","inLanguage":"en-US"},{"@type":"WebPage","@id":"https:\/\/www.a-laiturit.fi\/en\/a-laiturit-huolto-oyn-operatiiviseksi-johtajaksi-markus-rinne\/","url":"https:\/\/www.a-laiturit.fi\/en\/a-laiturit-huolto-oyn-operatiiviseksi-johtajaksi-markus-rinne\/","name":"A-Laiturit Huolto Oy:n operatiiviseksi johtajaksi Markus Rinne - A-Laiturit","isPartOf":{"@id":"https:\/\/www.a-laiturit.fi\/en\/#website"},"primaryImageOfPage":{"@id":"https:\/\/www.a-laiturit.fi\/en\/a-laiturit-huolto-oyn-operatiiviseksi-johtajaksi-markus-rinne\/#primaryimage"},"image":{"@id":"https:\/\/www.a-laiturit.fi\/en\/a-laiturit-huolto-oyn-operatiiviseksi-johtajaksi-markus-rinne\/#primaryimage"},"thumbnailUrl":"https:\/\/www.a-laiturit.fi\/wp-content\/uploads\/2023\/03\/markus-rinne-custom.jpg","datePublished":"2023-03-03T08:28:02+00:00","dateModified":"2023-03-03T08:29:47+00:00","breadcrumb":{"@id":"https:\/\/www.a-laiturit.fi\/en\/a-laiturit-huolto-oyn-operatiiviseksi-johtajaksi-markus-rinne\/#breadcrumb"},"inLanguage":"en-US","potentialAction":[{"@type":"ReadAction","target":["https:\/\/www.a-laiturit.fi\/en\/a-laiturit-huolto-oyn-operatiiviseksi-johtajaksi-markus-rinne\/"]}]},{"@type":"ImageObject","inLanguage":"en-US","@id":"https:\/\/www.a-laiturit.fi\/en\/a-laiturit-huolto-oyn-operatiiviseksi-johtajaksi-markus-rinne\/#primaryimage","url":"https:\/\/www.a-laiturit.fi\/wp-content\/uploads\/2023\/03\/markus-rinne-custom.jpg","contentUrl":"https:\/\/www.a-laiturit.fi\/wp-content\/uploads\/2023\/03\/markus-rinne-custom.jpg","width":770,"height":555,"caption":"A-Laiturit Huolto Oy Markus Rinne"},{"@type":"BreadcrumbList","@id":"https:\/\/www.a-laiturit.fi\/en\/a-laiturit-huolto-oyn-operatiiviseksi-johtajaksi-markus-rinne\/#breadcrumb","itemListElement":[{"@type":"ListItem","position":1,"name":"Home","item":"https:\/\/www.a-laiturit.fi\/en\/"},{"@type":"ListItem","position":2,"name":"A-Laiturit Huolto Oy:n operatiiviseksi johtajaksi Markus Rinne"}]},{"@type":"WebSite","@id":"https:\/\/www.a-laiturit.fi\/en\/#website","url":"https:\/\/www.a-laiturit.fi\/en\/","name":"A-Laiturit","description":"Me A-Laitureissa suunnittelemme ja toteutamme juuri Sinun tarpeisiisi ja rantaasi sopivan laiturin, joka kest\u00e4\u00e4. Vuosikymmenten kokemuksella voimme sanoa: &quot;Me osaamme laiturit!&quot;","publisher":{"@id":"https:\/\/www.a-laiturit.fi\/en\/#organization"},"potentialAction":[{"@type":"SearchAction","target":{"@type":"EntryPoint","urlTemplate":"https:\/\/www.a-laiturit.fi\/en\/?s={search_term_string}"},"query-input":{"@type":"PropertyValueSpecification","valueRequired":true,"valueName":"search_term_string"}}],"inLanguage":"en-US"},{"@type":"Organization","@id":"https:\/\/www.a-laiturit.fi\/en\/#organization","name":"A-laiturit Oy","url":"https:\/\/www.a-laiturit.fi\/en\/","logo":{"@type":"ImageObject","inLanguage":"en-US","@id":"https:\/\/www.a-laiturit.fi\/en\/#\/schema\/logo\/image\/","url":"https:\/\/www.a-laiturit.fi\/wp-content\/uploads\/2018\/10\/alaiturit_vari_favicon.png","contentUrl":"https:\/\/www.a-laiturit.fi\/wp-content\/uploads\/2018\/10\/alaiturit_vari_favicon.png","width":512,"height":512,"caption":"A-laiturit Oy"},"image":{"@id":"https:\/\/www.a-laiturit.fi\/en\/#\/schema\/logo\/image\/"},"sameAs":["https:\/\/www.facebook.com\/alaiturit\/","https:\/\/www.youtube.com\/channel\/UCPCnVbx3R7RICl-bGS91dEA"]},{"@type":"Person","@id":"https:\/\/www.a-laiturit.fi\/en\/#\/schema\/person\/ce67f3b2fdc5acef4759eaa02287afd5","name":"alaiturit"}]}},"_links":{"self":[{"href":"https:\/\/www.a-laiturit.fi\/en\/wp-json\/wp\/v2\/posts\/10884","targetHints":{"allow":["GET"]}}],"collection":[{"href":"https:\/\/www.a-laiturit.fi\/en\/wp-json\/wp\/v2\/posts"}],"about":[{"href":"https:\/\/www.a-laiturit.fi\/en\/wp-json\/wp\/v2\/types\/post"}],"author":[{"embeddable":true,"href":"https:\/\/www.a-laiturit.fi\/en\/wp-json\/wp\/v2\/users\/4"}],"replies":[{"embeddable":true,"href":"https:\/\/www.a-laiturit.fi\/en\/wp-json\/wp\/v2\/comments?post=10884"}],"version-history":[{"count":3,"href":"https:\/\/www.a-laiturit.fi\/en\/wp-json\/wp\/v2\/posts\/10884\/revisions"}],"predecessor-version":[{"id":10890,"href":"https:\/\/www.a-laiturit.fi\/en\/wp-json\/wp\/v2\/posts\/10884\/revisions\/10890"}],"wp:featuredmedia":[{"embeddable":true,"href":"https:\/\/www.a-laiturit.fi\/en\/wp-json\/wp\/v2\/media\/10885"}],"wp:attachment":[{"href":"https:\/\/www.a-laiturit.fi\/en\/wp-json\/wp\/v2\/media?parent=10884"}],"curies":[{"name":"wp","href":"https:\/\/api.w.org\/{rel}","templated":true}]}}