{"id":10099,"date":"2021-02-11T13:29:30","date_gmt":"2021-02-11T11:29:30","guid":{"rendered":"https:\/\/www.a-laiturit.fi\/?p=10099"},"modified":"2021-02-11T13:46:31","modified_gmt":"2021-02-11T11:46:31","slug":"olemme-mukana-vene-21-bat-verkossa-tapahtumassa-12-21-2-2021","status":"publish","type":"post","link":"https:\/\/www.a-laiturit.fi\/en\/olemme-mukana-vene-21-bat-verkossa-tapahtumassa-12-21-2-2021\/","title":{"rendered":"Olemme mukana Vene 21 B\u00e5t verkossa tapahtumassa 12.-21.2.2021"},"content":{"rendered":"<p>Olemme mukana Vene 21 B\u00e5t verkossa -tapahtumassa, joka on k\u00e4vij\u00f6illeen veloitukseton ja l\u00f6ytyy 12.-21.2.2021 <a href=\"http:\/\/www.venemessut.fi\">www.venemessut.fi<\/a>. Chat-palvelun kautta p\u00e4\u00e4set keskustelemaan ammattitaitoisten laiturimyyjiemme kanssa. Tule mukaan &#8211; avataan laiturikausi yhdess\u00e4.<\/p>\n<p>Myyj\u00e4mme p\u00e4ivyst\u00e4v\u00e4t chatissa arkisin klo 10-19 ja viikonloppuisin klo 10-18. Voit my\u00f6s j\u00e4tt\u00e4\u00e4 viesti\u00e4 <a href=\"mailto:info@a-laiturit.fi\">info@a-laiturit.fi<\/a> ja otamme teihin yhteytt\u00e4.<\/p>\n<p>N\u00e4hd\u00e4\u00e4n verkossa<\/p>\n","protected":false},"excerpt":{"rendered":"<p>Olemme mukana Vene 21 B\u00e5t verkossa -tapahtumassa, joka on k\u00e4vij\u00f6illeen veloitukseton ja l\u00f6ytyy 12.-21.2.2021 www.venemessut.fi. Chat-palvelun kautta p\u00e4\u00e4set keskustelemaan ammattitaitoisten laiturimyyjiemme kanssa. Tule mukaan &#8211; avataan laiturikausi yhdess\u00e4. Myyj\u00e4mme p\u00e4ivyst\u00e4v\u00e4t chatissa arkisin klo 10-19 ja viikonloppuisin klo 10-18. Voit my\u00f6s j\u00e4tt\u00e4\u00e4 viesti\u00e4 info@a-laiturit.fi ja otamme teihin yhteytt\u00e4. N\u00e4hd\u00e4\u00e4n verkossa<\/p>\n","protected":false},"author":4,"featured_media":10107,"comment_status":"closed","ping_status":"closed","sticky":false,"template":"","format":"standard","meta":{"_acf_changed":false,"footnotes":""},"class_list":["post-10099","post","type-post","status-publish","format-standard","has-post-thumbnail","hentry"],"acf":[],"yoast_head":"<title>Olemme mukana Vene 21 B\u00e5t verkossa tapahtumassa 12.-21.2.2021 - A-Laiturit<\/title>\n<meta name=\"robots\" content=\"index, follow, max-snippet:-1, max-image-preview:large, max-video-preview:-1\" \/>\n<link rel=\"canonical\" href=\"https:\/\/www.a-laiturit.fi\/en\/olemme-mukana-vene-21-bat-verkossa-tapahtumassa-12-21-2-2021\/\" \/>\n<meta property=\"og:locale\" content=\"en_US\" \/>\n<meta property=\"og:type\" content=\"article\" \/>\n<meta property=\"og:title\" content=\"Olemme mukana Vene 21 B\u00e5t verkossa tapahtumassa 12.-21.2.2021 - A-Laiturit\" \/>\n<meta property=\"og:description\" content=\"Olemme mukana Vene 21 B\u00e5t verkossa -tapahtumassa, joka on k\u00e4vij\u00f6illeen veloitukseton ja l\u00f6ytyy 12.-21.2.2021 www.venemessut.fi. Chat-palvelun kautta p\u00e4\u00e4set keskustelemaan ammattitaitoisten laiturimyyjiemme kanssa. Tule mukaan &#8211; avataan laiturikausi yhdess\u00e4. Myyj\u00e4mme p\u00e4ivyst\u00e4v\u00e4t chatissa arkisin klo 10-19 ja viikonloppuisin klo 10-18. Voit my\u00f6s j\u00e4tt\u00e4\u00e4 viesti\u00e4 info@a-laiturit.fi ja otamme teihin yhteytt\u00e4. N\u00e4hd\u00e4\u00e4n verkossa\" \/>\n<meta property=\"og:url\" content=\"https:\/\/www.a-laiturit.fi\/en\/olemme-mukana-vene-21-bat-verkossa-tapahtumassa-12-21-2-2021\/\" \/>\n<meta property=\"og:site_name\" content=\"A-Laiturit\" \/>\n<meta property=\"article:publisher\" content=\"https:\/\/www.facebook.com\/alaiturit\/\" \/>\n<meta property=\"article:published_time\" content=\"2021-02-11T11:29:30+00:00\" \/>\n<meta property=\"article:modified_time\" content=\"2021-02-11T11:46:31+00:00\" \/>\n<meta property=\"og:image\" content=\"https:\/\/www.a-laiturit.fi\/wp-content\/uploads\/2021\/02\/vene21_verkossa_olemmemukana_1080x1080_ig-custom.jpg\" \/>\n\t<meta property=\"og:image:width\" content=\"640\" \/>\n\t<meta property=\"og:image:height\" content=\"640\" \/>\n\t<meta property=\"og:image:type\" content=\"image\/jpeg\" \/>\n<meta name=\"author\" content=\"alaiturit\" \/>\n<meta name=\"twitter:label1\" content=\"Written by\" \/>\n\t<meta name=\"twitter:data1\" content=\"alaiturit\" \/>\n\t<meta name=\"twitter:label2\" content=\"Est. reading time\" \/>\n\t<meta name=\"twitter:data2\" content=\"1 minute\" \/>\n<script type=\"application\/ld+json\" class=\"yoast-schema-graph\">{\"@context\":\"https:\\\/\\\/schema.org\",\"@graph\":[{\"@type\":\"Article\",\"@id\":\"https:\\\/\\\/www.a-laiturit.fi\\\/en\\\/olemme-mukana-vene-21-bat-verkossa-tapahtumassa-12-21-2-2021\\\/#article\",\"isPartOf\":{\"@id\":\"https:\\\/\\\/www.a-laiturit.fi\\\/en\\\/olemme-mukana-vene-21-bat-verkossa-tapahtumassa-12-21-2-2021\\\/\"},\"author\":{\"name\":\"alaiturit\",\"@id\":\"https:\\\/\\\/www.a-laiturit.fi\\\/en\\\/#\\\/schema\\\/person\\\/ce67f3b2fdc5acef4759eaa02287afd5\"},\"headline\":\"Olemme mukana Vene 21 B\u00e5t verkossa tapahtumassa 12.-21.2.2021\",\"datePublished\":\"2021-02-11T11:29:30+00:00\",\"dateModified\":\"2021-02-11T11:46:31+00:00\",\"mainEntityOfPage\":{\"@id\":\"https:\\\/\\\/www.a-laiturit.fi\\\/en\\\/olemme-mukana-vene-21-bat-verkossa-tapahtumassa-12-21-2-2021\\\/\"},\"wordCount\":73,\"publisher\":{\"@id\":\"https:\\\/\\\/www.a-laiturit.fi\\\/en\\\/#organization\"},\"image\":{\"@id\":\"https:\\\/\\\/www.a-laiturit.fi\\\/en\\\/olemme-mukana-vene-21-bat-verkossa-tapahtumassa-12-21-2-2021\\\/#primaryimage\"},\"thumbnailUrl\":\"https:\\\/\\\/www.a-laiturit.fi\\\/wp-content\\\/uploads\\\/2021\\\/02\\\/vene21_verkossa_olemmemukana_1080x1080_ig-custom.jpg\",\"inLanguage\":\"en-US\"},{\"@type\":\"WebPage\",\"@id\":\"https:\\\/\\\/www.a-laiturit.fi\\\/en\\\/olemme-mukana-vene-21-bat-verkossa-tapahtumassa-12-21-2-2021\\\/\",\"url\":\"https:\\\/\\\/www.a-laiturit.fi\\\/en\\\/olemme-mukana-vene-21-bat-verkossa-tapahtumassa-12-21-2-2021\\\/\",\"name\":\"Olemme mukana Vene 21 B\u00e5t verkossa tapahtumassa 12.-21.2.2021 - A-Laiturit\",\"isPartOf\":{\"@id\":\"https:\\\/\\\/www.a-laiturit.fi\\\/en\\\/#website\"},\"primaryImageOfPage\":{\"@id\":\"https:\\\/\\\/www.a-laiturit.fi\\\/en\\\/olemme-mukana-vene-21-bat-verkossa-tapahtumassa-12-21-2-2021\\\/#primaryimage\"},\"image\":{\"@id\":\"https:\\\/\\\/www.a-laiturit.fi\\\/en\\\/olemme-mukana-vene-21-bat-verkossa-tapahtumassa-12-21-2-2021\\\/#primaryimage\"},\"thumbnailUrl\":\"https:\\\/\\\/www.a-laiturit.fi\\\/wp-content\\\/uploads\\\/2021\\\/02\\\/vene21_verkossa_olemmemukana_1080x1080_ig-custom.jpg\",\"datePublished\":\"2021-02-11T11:29:30+00:00\",\"dateModified\":\"2021-02-11T11:46:31+00:00\",\"breadcrumb\":{\"@id\":\"https:\\\/\\\/www.a-laiturit.fi\\\/en\\\/olemme-mukana-vene-21-bat-verkossa-tapahtumassa-12-21-2-2021\\\/#breadcrumb\"},\"inLanguage\":\"en-US\",\"potentialAction\":[{\"@type\":\"ReadAction\",\"target\":[\"https:\\\/\\\/www.a-laiturit.fi\\\/en\\\/olemme-mukana-vene-21-bat-verkossa-tapahtumassa-12-21-2-2021\\\/\"]}]},{\"@type\":\"ImageObject\",\"inLanguage\":\"en-US\",\"@id\":\"https:\\\/\\\/www.a-laiturit.fi\\\/en\\\/olemme-mukana-vene-21-bat-verkossa-tapahtumassa-12-21-2-2021\\\/#primaryimage\",\"url\":\"https:\\\/\\\/www.a-laiturit.fi\\\/wp-content\\\/uploads\\\/2021\\\/02\\\/vene21_verkossa_olemmemukana_1080x1080_ig-custom.jpg\",\"contentUrl\":\"https:\\\/\\\/www.a-laiturit.fi\\\/wp-content\\\/uploads\\\/2021\\\/02\\\/vene21_verkossa_olemmemukana_1080x1080_ig-custom.jpg\",\"width\":640,\"height\":640},{\"@type\":\"BreadcrumbList\",\"@id\":\"https:\\\/\\\/www.a-laiturit.fi\\\/en\\\/olemme-mukana-vene-21-bat-verkossa-tapahtumassa-12-21-2-2021\\\/#breadcrumb\",\"itemListElement\":[{\"@type\":\"ListItem\",\"position\":1,\"name\":\"Home\",\"item\":\"https:\\\/\\\/www.a-laiturit.fi\\\/en\\\/\"},{\"@type\":\"ListItem\",\"position\":2,\"name\":\"Olemme mukana Vene 21 B\u00e5t verkossa tapahtumassa 12.-21.2.2021\"}]},{\"@type\":\"WebSite\",\"@id\":\"https:\\\/\\\/www.a-laiturit.fi\\\/en\\\/#website\",\"url\":\"https:\\\/\\\/www.a-laiturit.fi\\\/en\\\/\",\"name\":\"A-Laiturit\",\"description\":\"Me A-Laitureissa suunnittelemme ja toteutamme juuri Sinun tarpeisiisi ja rantaasi sopivan laiturin, joka kest\u00e4\u00e4. Vuosikymmenten kokemuksella voimme sanoa: &quot;Me osaamme laiturit!&quot;\",\"publisher\":{\"@id\":\"https:\\\/\\\/www.a-laiturit.fi\\\/en\\\/#organization\"},\"potentialAction\":[{\"@type\":\"SearchAction\",\"target\":{\"@type\":\"EntryPoint\",\"urlTemplate\":\"https:\\\/\\\/www.a-laiturit.fi\\\/en\\\/?s={search_term_string}\"},\"query-input\":{\"@type\":\"PropertyValueSpecification\",\"valueRequired\":true,\"valueName\":\"search_term_string\"}}],\"inLanguage\":\"en-US\"},{\"@type\":\"Organization\",\"@id\":\"https:\\\/\\\/www.a-laiturit.fi\\\/en\\\/#organization\",\"name\":\"A-laiturit Oy\",\"url\":\"https:\\\/\\\/www.a-laiturit.fi\\\/en\\\/\",\"logo\":{\"@type\":\"ImageObject\",\"inLanguage\":\"en-US\",\"@id\":\"https:\\\/\\\/www.a-laiturit.fi\\\/en\\\/#\\\/schema\\\/logo\\\/image\\\/\",\"url\":\"https:\\\/\\\/www.a-laiturit.fi\\\/wp-content\\\/uploads\\\/2018\\\/10\\\/alaiturit_vari_favicon.png\",\"contentUrl\":\"https:\\\/\\\/www.a-laiturit.fi\\\/wp-content\\\/uploads\\\/2018\\\/10\\\/alaiturit_vari_favicon.png\",\"width\":512,\"height\":512,\"caption\":\"A-laiturit Oy\"},\"image\":{\"@id\":\"https:\\\/\\\/www.a-laiturit.fi\\\/en\\\/#\\\/schema\\\/logo\\\/image\\\/\"},\"sameAs\":[\"https:\\\/\\\/www.facebook.com\\\/alaiturit\\\/\",\"https:\\\/\\\/www.youtube.com\\\/channel\\\/UCPCnVbx3R7RICl-bGS91dEA\"]},{\"@type\":\"Person\",\"@id\":\"https:\\\/\\\/www.a-laiturit.fi\\\/en\\\/#\\\/schema\\\/person\\\/ce67f3b2fdc5acef4759eaa02287afd5\",\"name\":\"alaiturit\"}]}<\/script>","yoast_head_json":{"title":"Olemme mukana Vene 21 B\u00e5t verkossa tapahtumassa 12.-21.2.2021 - A-Laiturit","robots":{"index":"index","follow":"follow","max-snippet":"max-snippet:-1","max-image-preview":"max-image-preview:large","max-video-preview":"max-video-preview:-1"},"canonical":"https:\/\/www.a-laiturit.fi\/en\/olemme-mukana-vene-21-bat-verkossa-tapahtumassa-12-21-2-2021\/","og_locale":"en_US","og_type":"article","og_title":"Olemme mukana Vene 21 B\u00e5t verkossa tapahtumassa 12.-21.2.2021 - A-Laiturit","og_description":"Olemme mukana Vene 21 B\u00e5t verkossa -tapahtumassa, joka on k\u00e4vij\u00f6illeen veloitukseton ja l\u00f6ytyy 12.-21.2.2021 www.venemessut.fi. Chat-palvelun kautta p\u00e4\u00e4set keskustelemaan ammattitaitoisten laiturimyyjiemme kanssa. Tule mukaan &#8211; avataan laiturikausi yhdess\u00e4. Myyj\u00e4mme p\u00e4ivyst\u00e4v\u00e4t chatissa arkisin klo 10-19 ja viikonloppuisin klo 10-18. Voit my\u00f6s j\u00e4tt\u00e4\u00e4 viesti\u00e4 info@a-laiturit.fi ja otamme teihin yhteytt\u00e4. N\u00e4hd\u00e4\u00e4n verkossa","og_url":"https:\/\/www.a-laiturit.fi\/en\/olemme-mukana-vene-21-bat-verkossa-tapahtumassa-12-21-2-2021\/","og_site_name":"A-Laiturit","article_publisher":"https:\/\/www.facebook.com\/alaiturit\/","article_published_time":"2021-02-11T11:29:30+00:00","article_modified_time":"2021-02-11T11:46:31+00:00","og_image":[{"width":640,"height":640,"url":"https:\/\/www.a-laiturit.fi\/wp-content\/uploads\/2021\/02\/vene21_verkossa_olemmemukana_1080x1080_ig-custom.jpg","type":"image\/jpeg"}],"author":"alaiturit","twitter_misc":{"Written by":"alaiturit","Est. reading time":"1 minute"},"schema":{"@context":"https:\/\/schema.org","@graph":[{"@type":"Article","@id":"https:\/\/www.a-laiturit.fi\/en\/olemme-mukana-vene-21-bat-verkossa-tapahtumassa-12-21-2-2021\/#article","isPartOf":{"@id":"https:\/\/www.a-laiturit.fi\/en\/olemme-mukana-vene-21-bat-verkossa-tapahtumassa-12-21-2-2021\/"},"author":{"name":"alaiturit","@id":"https:\/\/www.a-laiturit.fi\/en\/#\/schema\/person\/ce67f3b2fdc5acef4759eaa02287afd5"},"headline":"Olemme mukana Vene 21 B\u00e5t verkossa tapahtumassa 12.-21.2.2021","datePublished":"2021-02-11T11:29:30+00:00","dateModified":"2021-02-11T11:46:31+00:00","mainEntityOfPage":{"@id":"https:\/\/www.a-laiturit.fi\/en\/olemme-mukana-vene-21-bat-verkossa-tapahtumassa-12-21-2-2021\/"},"wordCount":73,"publisher":{"@id":"https:\/\/www.a-laiturit.fi\/en\/#organization"},"image":{"@id":"https:\/\/www.a-laiturit.fi\/en\/olemme-mukana-vene-21-bat-verkossa-tapahtumassa-12-21-2-2021\/#primaryimage"},"thumbnailUrl":"https:\/\/www.a-laiturit.fi\/wp-content\/uploads\/2021\/02\/vene21_verkossa_olemmemukana_1080x1080_ig-custom.jpg","inLanguage":"en-US"},{"@type":"WebPage","@id":"https:\/\/www.a-laiturit.fi\/en\/olemme-mukana-vene-21-bat-verkossa-tapahtumassa-12-21-2-2021\/","url":"https:\/\/www.a-laiturit.fi\/en\/olemme-mukana-vene-21-bat-verkossa-tapahtumassa-12-21-2-2021\/","name":"Olemme mukana Vene 21 B\u00e5t verkossa tapahtumassa 12.-21.2.2021 - A-Laiturit","isPartOf":{"@id":"https:\/\/www.a-laiturit.fi\/en\/#website"},"primaryImageOfPage":{"@id":"https:\/\/www.a-laiturit.fi\/en\/olemme-mukana-vene-21-bat-verkossa-tapahtumassa-12-21-2-2021\/#primaryimage"},"image":{"@id":"https:\/\/www.a-laiturit.fi\/en\/olemme-mukana-vene-21-bat-verkossa-tapahtumassa-12-21-2-2021\/#primaryimage"},"thumbnailUrl":"https:\/\/www.a-laiturit.fi\/wp-content\/uploads\/2021\/02\/vene21_verkossa_olemmemukana_1080x1080_ig-custom.jpg","datePublished":"2021-02-11T11:29:30+00:00","dateModified":"2021-02-11T11:46:31+00:00","breadcrumb":{"@id":"https:\/\/www.a-laiturit.fi\/en\/olemme-mukana-vene-21-bat-verkossa-tapahtumassa-12-21-2-2021\/#breadcrumb"},"inLanguage":"en-US","potentialAction":[{"@type":"ReadAction","target":["https:\/\/www.a-laiturit.fi\/en\/olemme-mukana-vene-21-bat-verkossa-tapahtumassa-12-21-2-2021\/"]}]},{"@type":"ImageObject","inLanguage":"en-US","@id":"https:\/\/www.a-laiturit.fi\/en\/olemme-mukana-vene-21-bat-verkossa-tapahtumassa-12-21-2-2021\/#primaryimage","url":"https:\/\/www.a-laiturit.fi\/wp-content\/uploads\/2021\/02\/vene21_verkossa_olemmemukana_1080x1080_ig-custom.jpg","contentUrl":"https:\/\/www.a-laiturit.fi\/wp-content\/uploads\/2021\/02\/vene21_verkossa_olemmemukana_1080x1080_ig-custom.jpg","width":640,"height":640},{"@type":"BreadcrumbList","@id":"https:\/\/www.a-laiturit.fi\/en\/olemme-mukana-vene-21-bat-verkossa-tapahtumassa-12-21-2-2021\/#breadcrumb","itemListElement":[{"@type":"ListItem","position":1,"name":"Home","item":"https:\/\/www.a-laiturit.fi\/en\/"},{"@type":"ListItem","position":2,"name":"Olemme mukana Vene 21 B\u00e5t verkossa tapahtumassa 12.-21.2.2021"}]},{"@type":"WebSite","@id":"https:\/\/www.a-laiturit.fi\/en\/#website","url":"https:\/\/www.a-laiturit.fi\/en\/","name":"A-Laiturit","description":"Me A-Laitureissa suunnittelemme ja toteutamme juuri Sinun tarpeisiisi ja rantaasi sopivan laiturin, joka kest\u00e4\u00e4. Vuosikymmenten kokemuksella voimme sanoa: &quot;Me osaamme laiturit!&quot;","publisher":{"@id":"https:\/\/www.a-laiturit.fi\/en\/#organization"},"potentialAction":[{"@type":"SearchAction","target":{"@type":"EntryPoint","urlTemplate":"https:\/\/www.a-laiturit.fi\/en\/?s={search_term_string}"},"query-input":{"@type":"PropertyValueSpecification","valueRequired":true,"valueName":"search_term_string"}}],"inLanguage":"en-US"},{"@type":"Organization","@id":"https:\/\/www.a-laiturit.fi\/en\/#organization","name":"A-laiturit Oy","url":"https:\/\/www.a-laiturit.fi\/en\/","logo":{"@type":"ImageObject","inLanguage":"en-US","@id":"https:\/\/www.a-laiturit.fi\/en\/#\/schema\/logo\/image\/","url":"https:\/\/www.a-laiturit.fi\/wp-content\/uploads\/2018\/10\/alaiturit_vari_favicon.png","contentUrl":"https:\/\/www.a-laiturit.fi\/wp-content\/uploads\/2018\/10\/alaiturit_vari_favicon.png","width":512,"height":512,"caption":"A-laiturit Oy"},"image":{"@id":"https:\/\/www.a-laiturit.fi\/en\/#\/schema\/logo\/image\/"},"sameAs":["https:\/\/www.facebook.com\/alaiturit\/","https:\/\/www.youtube.com\/channel\/UCPCnVbx3R7RICl-bGS91dEA"]},{"@type":"Person","@id":"https:\/\/www.a-laiturit.fi\/en\/#\/schema\/person\/ce67f3b2fdc5acef4759eaa02287afd5","name":"alaiturit"}]}},"_links":{"self":[{"href":"https:\/\/www.a-laiturit.fi\/en\/wp-json\/wp\/v2\/posts\/10099","targetHints":{"allow":["GET"]}}],"collection":[{"href":"https:\/\/www.a-laiturit.fi\/en\/wp-json\/wp\/v2\/posts"}],"about":[{"href":"https:\/\/www.a-laiturit.fi\/en\/wp-json\/wp\/v2\/types\/post"}],"author":[{"embeddable":true,"href":"https:\/\/www.a-laiturit.fi\/en\/wp-json\/wp\/v2\/users\/4"}],"replies":[{"embeddable":true,"href":"https:\/\/www.a-laiturit.fi\/en\/wp-json\/wp\/v2\/comments?post=10099"}],"version-history":[{"count":4,"href":"https:\/\/www.a-laiturit.fi\/en\/wp-json\/wp\/v2\/posts\/10099\/revisions"}],"predecessor-version":[{"id":10112,"href":"https:\/\/www.a-laiturit.fi\/en\/wp-json\/wp\/v2\/posts\/10099\/revisions\/10112"}],"wp:featuredmedia":[{"embeddable":true,"href":"https:\/\/www.a-laiturit.fi\/en\/wp-json\/wp\/v2\/media\/10107"}],"wp:attachment":[{"href":"https:\/\/www.a-laiturit.fi\/en\/wp-json\/wp\/v2\/media?parent=10099"}],"curies":[{"name":"wp","href":"https:\/\/api.w.org\/{rel}","templated":true}]}}